{"id":8028,"date":"2025-07-12T16:05:56","date_gmt":"2025-07-12T14:05:56","guid":{"rendered":"https:\/\/987aldia.com\/web\/leon-se-destaca-a-nivel-mundial-por-su-enfoque-en-la-integracion-social\/"},"modified":"2025-07-12T16:05:56","modified_gmt":"2025-07-12T14:05:56","slug":"leon-se-destaca-a-nivel-mundial-por-su-enfoque-en-la-integracion-social","status":"publish","type":"post","link":"https:\/\/987aldia.com\/web\/leon-se-destaca-a-nivel-mundial-por-su-enfoque-en-la-integracion-social\/","title":{"rendered":"Le\u00f3n se destaca a nivel mundial por su enfoque en la integraci\u00f3n social"},"content":{"rendered":"<p>La ciudad de Le\u00f3n se visti\u00f3 de gala para dar inicio a un torneo de f\u00fatbol con un prop\u00f3sito m\u00e1s all\u00e1 de la competencia deportiva: la integraci\u00f3n. Espa\u00f1a y Brasil protagonizaron un emocionante encuentro que marc\u00f3 el inicio de un campeonato que re\u00fane a nueve selecciones con el objetivo de promover la convivencia intercultural a trav\u00e9s del deporte.<\/p>\n<p>El partido comenz\u00f3 con Espa\u00f1a tomando la delantera con un marcador de 2-0, pero la persistencia de Brasil logr\u00f3 igualar el marcador, dejando el resultado final en un empate 2-2. M\u00e1s all\u00e1 de los goles y las jugadas, lo que resalt\u00f3 en este encuentro fue la uni\u00f3n y el respeto entre los jugadores de ambos equipos, reflejando el esp\u00edritu de integraci\u00f3n que se busca promover en este torneo.<\/p>\n<p>Con un ambiente de camarader\u00eda y deportividad, Le\u00f3n se posiciona como un punto de encuentro para celebrar la diversidad cultural a trav\u00e9s del f\u00fatbol, demostrando que el deporte tiene el poder de unir a personas de diferentes or\u00edgenes y nacionalidades en un mismo campo de juego.<\/p>\n","protected":false},"excerpt":{"rendered":"<p>La ciudad de Le\u00f3n se visti\u00f3 de gala para dar inicio a un torneo de f\u00fatbol con un prop\u00f3sito m\u00e1s all\u00e1 de la competencia deportiva: la integraci\u00f3n. Espa\u00f1a y Brasil protagonizaron un emocionante encuentro que marc\u00f3 el inicio de un campeonato que re\u00fane a nueve selecciones con el objetivo de promover la convivencia intercultural a [&hellip;]<\/p>\n","protected":false},"author":1,"featured_media":0,"comment_status":"open","ping_status":"closed","sticky":false,"template":"","format":"standard","meta":{"_monsterinsights_skip_tracking":false,"_monsterinsights_sitenote_active":false,"_monsterinsights_sitenote_note":"","_monsterinsights_sitenote_category":0,"site-container-style":"default","site-container-layout":"default","site-sidebar-layout":"default","disable-article-header":"default","disable-site-header":"default","disable-site-footer":"default","disable-content-area-spacing":"default","_jetpack_memberships_contains_paid_content":false,"footnotes":"","jetpack_publicize_message":"","jetpack_publicize_feature_enabled":true,"jetpack_social_post_already_shared":true,"jetpack_social_options":{"image_generator_settings":{"template":"highway","default_image_id":0,"font":"","enabled":false},"version":2}},"categories":[1],"tags":[],"class_list":["post-8028","post","type-post","status-publish","format-standard","hentry","category-uncategorized"],"jetpack_publicize_connections":[],"jetpack_featured_media_url":"","jetpack_sharing_enabled":true,"_links":{"self":[{"href":"https:\/\/987aldia.com\/web\/wp-json\/wp\/v2\/posts\/8028","targetHints":{"allow":["GET"]}}],"collection":[{"href":"https:\/\/987aldia.com\/web\/wp-json\/wp\/v2\/posts"}],"about":[{"href":"https:\/\/987aldia.com\/web\/wp-json\/wp\/v2\/types\/post"}],"author":[{"embeddable":true,"href":"https:\/\/987aldia.com\/web\/wp-json\/wp\/v2\/users\/1"}],"replies":[{"embeddable":true,"href":"https:\/\/987aldia.com\/web\/wp-json\/wp\/v2\/comments?post=8028"}],"version-history":[{"count":0,"href":"https:\/\/987aldia.com\/web\/wp-json\/wp\/v2\/posts\/8028\/revisions"}],"wp:attachment":[{"href":"https:\/\/987aldia.com\/web\/wp-json\/wp\/v2\/media?parent=8028"}],"wp:term":[{"taxonomy":"category","embeddable":true,"href":"https:\/\/987aldia.com\/web\/wp-json\/wp\/v2\/categories?post=8028"},{"taxonomy":"post_tag","embeddable":true,"href":"https:\/\/987aldia.com\/web\/wp-json\/wp\/v2\/tags?post=8028"}],"curies":[{"name":"wp","href":"https:\/\/api.w.org\/{rel}","templated":true}]}}