{"id":8041,"date":"2025-07-14T12:06:38","date_gmt":"2025-07-14T10:06:38","guid":{"rendered":"https:\/\/987aldia.com\/web\/detectado-un-leve-temblor-de-magnitud-1-5-en-la-zona-de-fabero-y-berlanga\/"},"modified":"2025-07-14T12:06:38","modified_gmt":"2025-07-14T10:06:38","slug":"detectado-un-leve-temblor-de-magnitud-1-5-en-la-zona-de-fabero-y-berlanga","status":"publish","type":"post","link":"https:\/\/987aldia.com\/web\/detectado-un-leve-temblor-de-magnitud-1-5-en-la-zona-de-fabero-y-berlanga\/","title":{"rendered":"Detectado un leve temblor de magnitud 1.5 en la zona de Fabero y Berlanga"},"content":{"rendered":"<p>En la ma\u00f1ana de hoy, la localidad de Fabero ha sido sacudida por un leve temblor de magnitud 1.5 en la escala de Richter, que tambi\u00e9n se ha sentido en la cercana Berlanga. A pesar de su baja intensidad, el sismo ha generado cierta inquietud entre los habitantes de la zona, quienes reportaron sentir una ligera sacudida en sus viviendas.<\/p>\n<p>Las autoridades locales han confirmado que no se han registrado da\u00f1os materiales ni personales a causa de este evento s\u00edsmico, el cual ha sido catalogado como de baja peligrosidad. No obstante, se mantiene la vigilancia por parte de los organismos competentes para descartar cualquier eventualidad que pudiera surgir a ra\u00edz de esta actividad s\u00edsmica.<\/p>\n<p>Este suceso nos recuerda la importancia de estar preparados ante eventualidades de este tipo, as\u00ed como la necesidad de seguir las recomendaciones de las autoridades en caso de futuros temblores. Los expertos se\u00f1alan que la zona de Fabero y Berlanga se encuentra en una regi\u00f3n s\u00edsmicamente activa, por lo que es fundamental mantener la calma y actuar con precauci\u00f3n en situaciones de este tipo.<\/p>\n","protected":false},"excerpt":{"rendered":"<p>En la ma\u00f1ana de hoy, la localidad de Fabero ha sido sacudida por un leve temblor de magnitud 1.5 en la escala de Richter, que tambi\u00e9n se ha sentido en la cercana Berlanga. A pesar de su baja intensidad, el sismo ha generado cierta inquietud entre los habitantes de la zona, quienes reportaron sentir una [&hellip;]<\/p>\n","protected":false},"author":1,"featured_media":8042,"comment_status":"open","ping_status":"closed","sticky":false,"template":"","format":"standard","meta":{"_monsterinsights_skip_tracking":false,"_monsterinsights_sitenote_active":false,"_monsterinsights_sitenote_note":"","_monsterinsights_sitenote_category":0,"site-container-style":"default","site-container-layout":"default","site-sidebar-layout":"default","disable-article-header":"default","disable-site-header":"default","disable-site-footer":"default","disable-content-area-spacing":"default","_jetpack_memberships_contains_paid_content":false,"footnotes":"","jetpack_publicize_message":"","jetpack_publicize_feature_enabled":true,"jetpack_social_post_already_shared":true,"jetpack_social_options":{"image_generator_settings":{"template":"highway","default_image_id":0,"font":"","enabled":false},"version":2}},"categories":[1],"tags":[],"class_list":["post-8041","post","type-post","status-publish","format-standard","has-post-thumbnail","hentry","category-uncategorized"],"jetpack_publicize_connections":[],"jetpack_featured_media_url":"https:\/\/987aldia.com\/web\/wp-content\/uploads\/2025\/07\/6874d6ae4e746.jpg","jetpack_sharing_enabled":true,"_links":{"self":[{"href":"https:\/\/987aldia.com\/web\/wp-json\/wp\/v2\/posts\/8041","targetHints":{"allow":["GET"]}}],"collection":[{"href":"https:\/\/987aldia.com\/web\/wp-json\/wp\/v2\/posts"}],"about":[{"href":"https:\/\/987aldia.com\/web\/wp-json\/wp\/v2\/types\/post"}],"author":[{"embeddable":true,"href":"https:\/\/987aldia.com\/web\/wp-json\/wp\/v2\/users\/1"}],"replies":[{"embeddable":true,"href":"https:\/\/987aldia.com\/web\/wp-json\/wp\/v2\/comments?post=8041"}],"version-history":[{"count":0,"href":"https:\/\/987aldia.com\/web\/wp-json\/wp\/v2\/posts\/8041\/revisions"}],"wp:featuredmedia":[{"embeddable":true,"href":"https:\/\/987aldia.com\/web\/wp-json\/wp\/v2\/media\/8042"}],"wp:attachment":[{"href":"https:\/\/987aldia.com\/web\/wp-json\/wp\/v2\/media?parent=8041"}],"wp:term":[{"taxonomy":"category","embeddable":true,"href":"https:\/\/987aldia.com\/web\/wp-json\/wp\/v2\/categories?post=8041"},{"taxonomy":"post_tag","embeddable":true,"href":"https:\/\/987aldia.com\/web\/wp-json\/wp\/v2\/tags?post=8041"}],"curies":[{"name":"wp","href":"https:\/\/api.w.org\/{rel}","templated":true}]}}