{"id":8043,"date":"2025-07-14T14:09:26","date_gmt":"2025-07-14T12:09:26","guid":{"rendered":"https:\/\/987aldia.com\/web\/mikel-izal-encabezara-el-cartel-del-festival-planeta-sound-2025\/"},"modified":"2025-07-14T14:09:26","modified_gmt":"2025-07-14T12:09:26","slug":"mikel-izal-encabezara-el-cartel-del-festival-planeta-sound-2025","status":"publish","type":"post","link":"https:\/\/987aldia.com\/web\/mikel-izal-encabezara-el-cartel-del-festival-planeta-sound-2025\/","title":{"rendered":"Mikel Izal encabezar\u00e1 el cartel del Festival Planeta Sound 2025."},"content":{"rendered":"<p>El reconocido m\u00fasico Mikel Izal ha sido confirmado como el principal artista del emblem\u00e1tico festival Planeta Sound 2025. Con su caracter\u00edstico estilo y energ\u00eda en el escenario, Izal promete brindar una actuaci\u00f3n inolvidable que seguramente deleitar\u00e1 a todos los asistentes.<\/p>\n<p>Pero la experiencia en el festival no se limitar\u00e1 solo a la m\u00fasica, ya que el chef Samuel Naveira elevar\u00e1 el nivel gastron\u00f3mico con una propuesta exclusiva que promete conquistar los paladares m\u00e1s exigentes. Los asistentes tendr\u00e1n la oportunidad de disfrutar de una experiencia culinaria \u00fanica, en la que la combinaci\u00f3n de sabores y texturas sorprender\u00e1 a todos los presentes.<\/p>\n<p>Con la combinaci\u00f3n de m\u00fasica de primer nivel y una propuesta gastron\u00f3mica excepcional, el Planeta Sound 2025 se perfila como uno de los eventos m\u00e1s destacados del a\u00f1o, ofreciendo a los asistentes una experiencia completa que estimular\u00e1 todos sus sentidos.<\/p>\n","protected":false},"excerpt":{"rendered":"<p>El reconocido m\u00fasico Mikel Izal ha sido confirmado como el principal artista del emblem\u00e1tico festival Planeta Sound 2025. Con su caracter\u00edstico estilo y energ\u00eda en el escenario, Izal promete brindar una actuaci\u00f3n inolvidable que seguramente deleitar\u00e1 a todos los asistentes. Pero la experiencia en el festival no se limitar\u00e1 solo a la m\u00fasica, ya que [&hellip;]<\/p>\n","protected":false},"author":1,"featured_media":8044,"comment_status":"open","ping_status":"closed","sticky":false,"template":"","format":"standard","meta":{"_monsterinsights_skip_tracking":false,"_monsterinsights_sitenote_active":false,"_monsterinsights_sitenote_note":"","_monsterinsights_sitenote_category":0,"site-container-style":"default","site-container-layout":"default","site-sidebar-layout":"default","disable-article-header":"default","disable-site-header":"default","disable-site-footer":"default","disable-content-area-spacing":"default","_jetpack_memberships_contains_paid_content":false,"footnotes":"","jetpack_publicize_message":"","jetpack_publicize_feature_enabled":true,"jetpack_social_post_already_shared":true,"jetpack_social_options":{"image_generator_settings":{"template":"highway","default_image_id":0,"font":"","enabled":false},"version":2}},"categories":[1],"tags":[],"class_list":["post-8043","post","type-post","status-publish","format-standard","has-post-thumbnail","hentry","category-uncategorized"],"jetpack_publicize_connections":[],"jetpack_featured_media_url":"https:\/\/987aldia.com\/web\/wp-content\/uploads\/2025\/07\/6874f376a58e7.jpg","jetpack_sharing_enabled":true,"_links":{"self":[{"href":"https:\/\/987aldia.com\/web\/wp-json\/wp\/v2\/posts\/8043","targetHints":{"allow":["GET"]}}],"collection":[{"href":"https:\/\/987aldia.com\/web\/wp-json\/wp\/v2\/posts"}],"about":[{"href":"https:\/\/987aldia.com\/web\/wp-json\/wp\/v2\/types\/post"}],"author":[{"embeddable":true,"href":"https:\/\/987aldia.com\/web\/wp-json\/wp\/v2\/users\/1"}],"replies":[{"embeddable":true,"href":"https:\/\/987aldia.com\/web\/wp-json\/wp\/v2\/comments?post=8043"}],"version-history":[{"count":0,"href":"https:\/\/987aldia.com\/web\/wp-json\/wp\/v2\/posts\/8043\/revisions"}],"wp:featuredmedia":[{"embeddable":true,"href":"https:\/\/987aldia.com\/web\/wp-json\/wp\/v2\/media\/8044"}],"wp:attachment":[{"href":"https:\/\/987aldia.com\/web\/wp-json\/wp\/v2\/media?parent=8043"}],"wp:term":[{"taxonomy":"category","embeddable":true,"href":"https:\/\/987aldia.com\/web\/wp-json\/wp\/v2\/categories?post=8043"},{"taxonomy":"post_tag","embeddable":true,"href":"https:\/\/987aldia.com\/web\/wp-json\/wp\/v2\/tags?post=8043"}],"curies":[{"name":"wp","href":"https:\/\/api.w.org\/{rel}","templated":true}]}}