{"id":8055,"date":"2025-07-15T02:05:36","date_gmt":"2025-07-15T00:05:36","guid":{"rendered":"https:\/\/987aldia.com\/web\/manueco-celebra-aumento-record-de-beneficiarios-de-ayudas-al-alquiler-en-la-junta-mas-de-21-000-familias-favorecidas\/"},"modified":"2025-07-15T02:05:36","modified_gmt":"2025-07-15T00:05:36","slug":"manueco-celebra-aumento-record-de-beneficiarios-de-ayudas-al-alquiler-en-la-junta-mas-de-21-000-familias-favorecidas","status":"publish","type":"post","link":"https:\/\/987aldia.com\/web\/manueco-celebra-aumento-record-de-beneficiarios-de-ayudas-al-alquiler-en-la-junta-mas-de-21-000-familias-favorecidas\/","title":{"rendered":"Ma\u00f1ueco celebra aumento r\u00e9cord de beneficiarios de ayudas al alquiler en la Junta: m\u00e1s de 21.000 familias favorecidas"},"content":{"rendered":"<p>El presidente de la Junta de Castilla y Le\u00f3n, Alfonso Fern\u00e1ndez Ma\u00f1ueco, anunci\u00f3 hoy un hito hist\u00f3rico en materia de vivienda al revelar que m\u00e1s de 21.000 familias se han beneficiado de las ayudas al alquiler otorgadas por el gobierno regional. Este n\u00famero representa un incremento del 14% en comparaci\u00f3n con la \u00faltima convocatoria, evidenciando as\u00ed el impacto positivo de estas medidas en un contexto marcado por la crisis econ\u00f3mica derivada de la pandemia.<\/p>\n<p>Las ayudas al alquiler, que buscan brindar apoyo a aquellas familias con dificultades para acceder a una vivienda digna, han sido el foco de atenci\u00f3n de la administraci\u00f3n auton\u00f3mica en su compromiso por garantizar el derecho a una vivienda adecuada para todos los ciudadanos. El r\u00e9cord alcanzado en la cantidad de beneficiarios refleja la efectividad de estas pol\u00edticas y la respuesta solidaria del gobierno regional ante las necesidades de la poblaci\u00f3n.<\/p>\n<p>Esta noticia llega en un momento crucial en el que la vivienda se ha convertido en una preocupaci\u00f3n latente para muchas familias castellanoleonesas, que ven en las ayudas al alquiler una oportunidad para aliviar su carga econ\u00f3mica y acceder a un hogar de manera m\u00e1s accesible. El compromiso de la Junta de Castilla y Le\u00f3n con el bienestar de sus ciudadanos se ve reflejado en estas cifras r\u00e9cord, que evidencian el impacto directo de las pol\u00edticas sociales en la vida de miles de familias en la regi\u00f3n.<\/p>\n<p>En un contexto de incertidumbre y dificultades econ\u00f3micas, la noticia del r\u00e9cord de beneficiarios de las ayudas al alquiler brinda un rayo de esperanza y confianza en la labor del gobierno regional para garantizar el derecho a una vivienda digna para todos los ciudadanos de Castilla y Le\u00f3n.<\/p>\n","protected":false},"excerpt":{"rendered":"<p>El presidente de la Junta de Castilla y Le\u00f3n, Alfonso Fern\u00e1ndez Ma\u00f1ueco, anunci\u00f3 hoy un hito hist\u00f3rico en materia de vivienda al revelar que m\u00e1s de 21.000 familias se han beneficiado de las ayudas al alquiler otorgadas por el gobierno regional. Este n\u00famero representa un incremento del 14% en comparaci\u00f3n con la \u00faltima convocatoria, evidenciando [&hellip;]<\/p>\n","protected":false},"author":1,"featured_media":8056,"comment_status":"open","ping_status":"closed","sticky":false,"template":"","format":"standard","meta":{"_monsterinsights_skip_tracking":false,"_monsterinsights_sitenote_active":false,"_monsterinsights_sitenote_note":"","_monsterinsights_sitenote_category":0,"site-container-style":"default","site-container-layout":"default","site-sidebar-layout":"default","disable-article-header":"default","disable-site-header":"default","disable-site-footer":"default","disable-content-area-spacing":"default","_jetpack_memberships_contains_paid_content":false,"footnotes":"","jetpack_publicize_message":"","jetpack_publicize_feature_enabled":true,"jetpack_social_post_already_shared":true,"jetpack_social_options":{"image_generator_settings":{"template":"highway","default_image_id":0,"font":"","enabled":false},"version":2}},"categories":[1],"tags":[],"class_list":["post-8055","post","type-post","status-publish","format-standard","has-post-thumbnail","hentry","category-uncategorized"],"jetpack_publicize_connections":[],"jetpack_featured_media_url":"https:\/\/987aldia.com\/web\/wp-content\/uploads\/2025\/07\/68759b5069129.jpg","jetpack_sharing_enabled":true,"_links":{"self":[{"href":"https:\/\/987aldia.com\/web\/wp-json\/wp\/v2\/posts\/8055","targetHints":{"allow":["GET"]}}],"collection":[{"href":"https:\/\/987aldia.com\/web\/wp-json\/wp\/v2\/posts"}],"about":[{"href":"https:\/\/987aldia.com\/web\/wp-json\/wp\/v2\/types\/post"}],"author":[{"embeddable":true,"href":"https:\/\/987aldia.com\/web\/wp-json\/wp\/v2\/users\/1"}],"replies":[{"embeddable":true,"href":"https:\/\/987aldia.com\/web\/wp-json\/wp\/v2\/comments?post=8055"}],"version-history":[{"count":0,"href":"https:\/\/987aldia.com\/web\/wp-json\/wp\/v2\/posts\/8055\/revisions"}],"wp:featuredmedia":[{"embeddable":true,"href":"https:\/\/987aldia.com\/web\/wp-json\/wp\/v2\/media\/8056"}],"wp:attachment":[{"href":"https:\/\/987aldia.com\/web\/wp-json\/wp\/v2\/media?parent=8055"}],"wp:term":[{"taxonomy":"category","embeddable":true,"href":"https:\/\/987aldia.com\/web\/wp-json\/wp\/v2\/categories?post=8055"},{"taxonomy":"post_tag","embeddable":true,"href":"https:\/\/987aldia.com\/web\/wp-json\/wp\/v2\/tags?post=8055"}],"curies":[{"name":"wp","href":"https:\/\/api.w.org\/{rel}","templated":true}]}}