{"id":8057,"date":"2025-07-15T04:07:06","date_gmt":"2025-07-15T02:07:06","guid":{"rendered":"https:\/\/987aldia.com\/web\/manueco-critica-a-sanchez-y-bildu-en-el-acto-de-homenaje-a-miguel-angel-blanco\/"},"modified":"2025-07-15T04:07:06","modified_gmt":"2025-07-15T02:07:06","slug":"manueco-critica-a-sanchez-y-bildu-en-el-acto-de-homenaje-a-miguel-angel-blanco","status":"publish","type":"post","link":"https:\/\/987aldia.com\/web\/manueco-critica-a-sanchez-y-bildu-en-el-acto-de-homenaje-a-miguel-angel-blanco\/","title":{"rendered":"Ma\u00f1ueco critica a S\u00e1nchez y Bildu en el acto de homenaje a Miguel \u00c1ngel Blanco"},"content":{"rendered":"<p>En un emotivo homenaje realizado en memoria de Miguel \u00c1ngel Blanco, el presidente de la Junta de Castilla y Le\u00f3n, Alfonso Fern\u00e1ndez Ma\u00f1ueco, lanz\u00f3 duras cr\u00edticas contra el presidente del Gobierno, Pedro S\u00e1nchez, y el partido independentista vasco Bildu. En un discurso cargado de sentimiento y patriotismo, Ma\u00f1ueco denunci\u00f3 que \u00abalgunos quieren reescribir ahora la historia\u00bb, en clara referencia a aquellos que intentan manipular el legado del joven concejal asesinado por ETA en 1997.<\/p>\n<p>El acto, que tuvo lugar en el municipio de Ermua, fue un recordatorio de la valent\u00eda y la lucha por la libertad de Miguel \u00c1ngel Blanco, cuyo secuestro y posterior asesinato conmocionaron a toda Espa\u00f1a. Ma\u00f1ueco aprovech\u00f3 la ocasi\u00f3n para reivindicar la memoria de Blanco y reafirmar el compromiso del gobierno regional en la defensa de los valores democr\u00e1ticos y en la lucha contra el terrorismo.<\/p>\n<p>Las declaraciones del presidente de la Junta de Castilla y Le\u00f3n reflejan la tensi\u00f3n pol\u00edtica que se vive en el panorama nacional, marcado por diferencias ideol\u00f3gicas y disputas en torno a la interpretaci\u00f3n de la historia reciente de Espa\u00f1a. En este contexto, el homenaje a Miguel \u00c1ngel Blanco se convirti\u00f3 en un acto de reafirmaci\u00f3n de la unidad y la memoria colectiva, en un momento en el que algunos intentan distorsionarla.<\/p>\n","protected":false},"excerpt":{"rendered":"<p>En un emotivo homenaje realizado en memoria de Miguel \u00c1ngel Blanco, el presidente de la Junta de Castilla y Le\u00f3n, Alfonso Fern\u00e1ndez Ma\u00f1ueco, lanz\u00f3 duras cr\u00edticas contra el presidente del Gobierno, Pedro S\u00e1nchez, y el partido independentista vasco Bildu. En un discurso cargado de sentimiento y patriotismo, Ma\u00f1ueco denunci\u00f3 que \u00abalgunos quieren reescribir ahora la [&hellip;]<\/p>\n","protected":false},"author":1,"featured_media":8058,"comment_status":"open","ping_status":"closed","sticky":false,"template":"","format":"standard","meta":{"_monsterinsights_skip_tracking":false,"_monsterinsights_sitenote_active":false,"_monsterinsights_sitenote_note":"","_monsterinsights_sitenote_category":0,"site-container-style":"default","site-container-layout":"default","site-sidebar-layout":"default","disable-article-header":"default","disable-site-header":"default","disable-site-footer":"default","disable-content-area-spacing":"default","_jetpack_memberships_contains_paid_content":false,"footnotes":"","jetpack_publicize_message":"","jetpack_publicize_feature_enabled":true,"jetpack_social_post_already_shared":true,"jetpack_social_options":{"image_generator_settings":{"template":"highway","default_image_id":0,"font":"","enabled":false},"version":2}},"categories":[1],"tags":[],"class_list":["post-8057","post","type-post","status-publish","format-standard","has-post-thumbnail","hentry","category-uncategorized"],"jetpack_publicize_connections":[],"jetpack_featured_media_url":"https:\/\/987aldia.com\/web\/wp-content\/uploads\/2025\/07\/6875b7ca96b7c.jpg","jetpack_sharing_enabled":true,"_links":{"self":[{"href":"https:\/\/987aldia.com\/web\/wp-json\/wp\/v2\/posts\/8057","targetHints":{"allow":["GET"]}}],"collection":[{"href":"https:\/\/987aldia.com\/web\/wp-json\/wp\/v2\/posts"}],"about":[{"href":"https:\/\/987aldia.com\/web\/wp-json\/wp\/v2\/types\/post"}],"author":[{"embeddable":true,"href":"https:\/\/987aldia.com\/web\/wp-json\/wp\/v2\/users\/1"}],"replies":[{"embeddable":true,"href":"https:\/\/987aldia.com\/web\/wp-json\/wp\/v2\/comments?post=8057"}],"version-history":[{"count":0,"href":"https:\/\/987aldia.com\/web\/wp-json\/wp\/v2\/posts\/8057\/revisions"}],"wp:featuredmedia":[{"embeddable":true,"href":"https:\/\/987aldia.com\/web\/wp-json\/wp\/v2\/media\/8058"}],"wp:attachment":[{"href":"https:\/\/987aldia.com\/web\/wp-json\/wp\/v2\/media?parent=8057"}],"wp:term":[{"taxonomy":"category","embeddable":true,"href":"https:\/\/987aldia.com\/web\/wp-json\/wp\/v2\/categories?post=8057"},{"taxonomy":"post_tag","embeddable":true,"href":"https:\/\/987aldia.com\/web\/wp-json\/wp\/v2\/tags?post=8057"}],"curies":[{"name":"wp","href":"https:\/\/api.w.org\/{rel}","templated":true}]}}