{"id":8059,"date":"2025-07-15T06:05:50","date_gmt":"2025-07-15T04:05:50","guid":{"rendered":"https:\/\/987aldia.com\/web\/manueco-promueve-la-colaboracion-transfronteriza-con-el-norte-de-portugal\/"},"modified":"2025-07-15T06:05:50","modified_gmt":"2025-07-15T04:05:50","slug":"manueco-promueve-la-colaboracion-transfronteriza-con-el-norte-de-portugal","status":"publish","type":"post","link":"https:\/\/987aldia.com\/web\/manueco-promueve-la-colaboracion-transfronteriza-con-el-norte-de-portugal\/","title":{"rendered":"Ma\u00f1ueco promueve la colaboraci\u00f3n transfronteriza con el Norte de Portugal"},"content":{"rendered":"<p>El presidente de la Junta de Castilla y Le\u00f3n, Alfonso Fern\u00e1ndez Ma\u00f1ueco, ha anunciado un importante impulso en la cooperaci\u00f3n transfronteriza con Portugal Norte. En un gesto de unidad y colaboraci\u00f3n, se han firmado nuevos acuerdos y pactos pol\u00edticos que buscan enfrentar los retos internacionales de manera conjunta.<\/p>\n<p>Esta iniciativa destaca la importancia de fortalecer los lazos entre regiones vecinas para afrontar desaf\u00edos comunes, como el desarrollo econ\u00f3mico, la sostenibilidad ambiental y la seguridad. La cooperaci\u00f3n transfronteriza se perfila como una herramienta fundamental para promover el progreso y la prosperidad en ambos lados de la frontera.<\/p>\n<p>El impulso dado por Ma\u00f1ueco a esta colaboraci\u00f3n es un paso significativo hacia una mayor integraci\u00f3n y trabajo conjunto entre Castilla y Le\u00f3n y Portugal Norte. Se espera que estos acuerdos contribuyan a fortalecer la relaci\u00f3n bilateral y a potenciar el desarrollo de ambas regiones en un contexto global cada vez m\u00e1s desafiante.<\/p>\n","protected":false},"excerpt":{"rendered":"<p>El presidente de la Junta de Castilla y Le\u00f3n, Alfonso Fern\u00e1ndez Ma\u00f1ueco, ha anunciado un importante impulso en la cooperaci\u00f3n transfronteriza con Portugal Norte. En un gesto de unidad y colaboraci\u00f3n, se han firmado nuevos acuerdos y pactos pol\u00edticos que buscan enfrentar los retos internacionales de manera conjunta. Esta iniciativa destaca la importancia de fortalecer [&hellip;]<\/p>\n","protected":false},"author":1,"featured_media":8060,"comment_status":"open","ping_status":"closed","sticky":false,"template":"","format":"standard","meta":{"_monsterinsights_skip_tracking":false,"_monsterinsights_sitenote_active":false,"_monsterinsights_sitenote_note":"","_monsterinsights_sitenote_category":0,"site-container-style":"default","site-container-layout":"default","site-sidebar-layout":"default","disable-article-header":"default","disable-site-header":"default","disable-site-footer":"default","disable-content-area-spacing":"default","_jetpack_memberships_contains_paid_content":false,"footnotes":"","jetpack_publicize_message":"","jetpack_publicize_feature_enabled":true,"jetpack_social_post_already_shared":true,"jetpack_social_options":{"image_generator_settings":{"template":"highway","default_image_id":0,"font":"","enabled":false},"version":2}},"categories":[1],"tags":[],"class_list":["post-8059","post","type-post","status-publish","format-standard","has-post-thumbnail","hentry","category-uncategorized"],"jetpack_publicize_connections":[],"jetpack_featured_media_url":"https:\/\/987aldia.com\/web\/wp-content\/uploads\/2025\/07\/6875d39e05908.jpg","jetpack_sharing_enabled":true,"_links":{"self":[{"href":"https:\/\/987aldia.com\/web\/wp-json\/wp\/v2\/posts\/8059","targetHints":{"allow":["GET"]}}],"collection":[{"href":"https:\/\/987aldia.com\/web\/wp-json\/wp\/v2\/posts"}],"about":[{"href":"https:\/\/987aldia.com\/web\/wp-json\/wp\/v2\/types\/post"}],"author":[{"embeddable":true,"href":"https:\/\/987aldia.com\/web\/wp-json\/wp\/v2\/users\/1"}],"replies":[{"embeddable":true,"href":"https:\/\/987aldia.com\/web\/wp-json\/wp\/v2\/comments?post=8059"}],"version-history":[{"count":0,"href":"https:\/\/987aldia.com\/web\/wp-json\/wp\/v2\/posts\/8059\/revisions"}],"wp:featuredmedia":[{"embeddable":true,"href":"https:\/\/987aldia.com\/web\/wp-json\/wp\/v2\/media\/8060"}],"wp:attachment":[{"href":"https:\/\/987aldia.com\/web\/wp-json\/wp\/v2\/media?parent=8059"}],"wp:term":[{"taxonomy":"category","embeddable":true,"href":"https:\/\/987aldia.com\/web\/wp-json\/wp\/v2\/categories?post=8059"},{"taxonomy":"post_tag","embeddable":true,"href":"https:\/\/987aldia.com\/web\/wp-json\/wp\/v2\/tags?post=8059"}],"curies":[{"name":"wp","href":"https:\/\/api.w.org\/{rel}","templated":true}]}}