{"id":822,"date":"2023-03-10T10:44:02","date_gmt":"2023-03-10T10:44:02","guid":{"rendered":"https:\/\/987aldia.com\/web\/?p=822"},"modified":"2023-03-13T11:15:06","modified_gmt":"2023-03-13T11:15:06","slug":"la-junta-congrega-a-la-mesa-a-la-automocion-de-castilla-y-leon-para-mostrar-su-apoyo-debido-a-la-situacion-que-estan-atravesando","status":"publish","type":"post","link":"https:\/\/987aldia.com\/web\/la-junta-congrega-a-la-mesa-a-la-automocion-de-castilla-y-leon-para-mostrar-su-apoyo-debido-a-la-situacion-que-estan-atravesando\/","title":{"rendered":"La Junta congrega a la mesa a la Automoci\u00f3n de Castilla y Le\u00f3n, para mostrar su apoyo debido a la situaci\u00f3n que est\u00e1n atravesando"},"content":{"rendered":"\n<ul class=\"wp-block-list\">\n<li>Los miembros de la Mesa han expuesto su preocupaci\u00f3n ante la entrada en vigor en 2025 de la norma Euro 7, por cuanto impone condiciones inasumibles para la mayor\u00eda de los productores<\/li>\n\n\n\n<li>Juan Garc\u00eda-Gallardo, vicepresidente, garantiz\u00f3 durante la reuni\u00f3n que la Junta continuar\u00e1 trabajando para \u201capoyar la competitividad de la industria de la automoci\u00f3n y defender sus intereses all\u00ed donde sea necesario\u201d<\/li>\n<\/ul>\n\n\n\n<p>El vicepresidente de la Junta, con el consejero de Econom\u00eda y Hacienda, Carlos Fern\u00e1ndez Carriedo, y el titular de Industria, Comercio y Empleo, Mariano Veganzones, se han reunido este lunes con la Mesa de la Automoci\u00f3n de Castilla y Le\u00f3n. En el encuentro, convocado por el vicepresidente en el Centro de Soluciones Empresariales de Arroyo de la Encomienda y que se extendi\u00f3 durante dos a\u00f1os, se abordaron, los desaf\u00edos a los que se encara el sector con el marco geopol\u00edtico actual y el impacto de la norma comunitaria de emisiones de Euro 7.<\/p>\n\n\n\n<p>La Junta quiso destacar ante el sector su total apoyo y disposici\u00f3n para enfrentar la automoci\u00f3n de Castilla y Le\u00f3n \u00aben todas las instancias necesarias\u00bb, conocedores de su valor estrat\u00e9gico en la econom\u00eda y el empleo de la Comunidad. Ante la entrada en vigor de la Euro 7, la preocupaci\u00f3n por parte de la Mesa de la Automoci\u00f3n de Castilla y Le\u00f3n fue notoria. Reiteraron la inquietud del sector ante la nueva norma de emisiones, el primer gran escollo que tiene la Comisi\u00f3n de Transporte, y que aprecia nuevos l\u00edmites de emisiones para \u00f3xidos de nitr\u00f3geno, mon\u00f3xido de carbono, part\u00edculas, hidrocarburos, metano y amoniaco.<\/p>\n\n\n\n<p>La llegada de la Euro 7 repercutir\u00e1 a todo veh\u00edculo nuevo de primera matriculaci\u00f3n desde el 1 de julio de 2025 y sume en un profundo desconcierto el sector, por cuanto impone adaptaciones de la producci\u00f3n de elevada cuant\u00eda, que quedar\u00edan de nuevo obsoletas si finalmente se produjera la prohibici\u00f3n de la comercializaci\u00f3n de los coches gasolina y di\u00e9sel en 2035.<\/p>\n\n\n\n<p>Asimismo, para los productores parece imposible que en poco m\u00e1s de a\u00f1o y medio puedan abordar las distintas pruebas de homologaciones y sus correspondientes certificaciones.<\/p>\n\n\n\n<p>El vicepresidente de la Junta expres\u00f3 su deseo de consensuar con todos los presentes un documento de conclusiones que sirva de base para defender desde la unidad los intereses del sector en Castilla y Le\u00f3n y alertar, \u201ccon la m\u00e1xima fuerza\u201d, al Gobierno de Espa\u00f1a y a la Uni\u00f3n Europea de un grave problema que provocar\u00e1, seg\u00fan los fabricantes de autom\u00f3viles, el cierre de l\u00edneas de producci\u00f3n y plantas en todo el continente.<\/p>\n\n\n\n<p>Garc\u00eda-Gallardo enfatiz\u00f3 su preocupaci\u00f3n ante las posibles consecuencias que esta normativa pueda tener en el empleo, tanto en el sector de la automoci\u00f3n como en sus industrias auxiliares, y reiter\u00f3 el compromiso de la Junta por defender las demandas de productores y trabajadores en todas aquellas instancias concernidas. En este sentido, pidi\u00f3 al Gobierno de S\u00e1nchez que \u201cdeje de castigar a las regiones m\u00e1s leales con Espa\u00f1a\u201d y que piense \u201cen la econom\u00eda, las empresas, los trabajadores y sus familias a la hora de legislar\u201d.<\/p>\n\n\n\n<p>El inconveniente de Europa frente al empuje industrial de China; la escasez de semiconductores, los costes de los transportes, de energ\u00edas y de materias primas; o las condiciones y certezas que pueda ofrecer el nuevo PERTE, que en la \u00faltima convocatoria dej\u00f3 sin adjudicar alrededor de 2.200 millones de euros en el PERTE VEC han sido otros de los asuntos tratados en la Mesa de la Automoci\u00f3n de Castilla y Le\u00f3n.<\/p>\n","protected":false},"excerpt":{"rendered":"<p>El vicepresidente de la Junta, con el consejero de Econom\u00eda y Hacienda, Carlos Fern\u00e1ndez Carriedo, y el titular de Industria, Comercio y Empleo, Mariano Veganzones, se han reunido este lunes con la Mesa de la Automoci\u00f3n de Castilla y Le\u00f3n. En el encuentro, convocado por el vicepresidente en el Centro de Soluciones Empresariales de Arroyo [&hellip;]<\/p>\n","protected":false},"author":1,"featured_media":832,"comment_status":"open","ping_status":"closed","sticky":false,"template":"","format":"standard","meta":{"_monsterinsights_skip_tracking":false,"_monsterinsights_sitenote_active":false,"_monsterinsights_sitenote_note":"","_monsterinsights_sitenote_category":0,"site-container-style":"default","site-container-layout":"default","site-sidebar-layout":"default","disable-article-header":"default","disable-site-header":"default","disable-site-footer":"default","disable-content-area-spacing":"default","_jetpack_memberships_contains_paid_content":false,"footnotes":"","jetpack_publicize_message":"","jetpack_publicize_feature_enabled":true,"jetpack_social_post_already_shared":false,"jetpack_social_options":{"image_generator_settings":{"template":"highway","default_image_id":0,"font":"","enabled":false},"version":2}},"categories":[10],"tags":[],"class_list":["post-822","post","type-post","status-publish","format-standard","has-post-thumbnail","hentry","category-castilla-y-leon"],"jetpack_publicize_connections":[],"jetpack_featured_media_url":"https:\/\/987aldia.com\/web\/wp-content\/uploads\/2023\/03\/obi-pixel7propix-aZKJEvydrNM-unsplash.jpg","jetpack_sharing_enabled":true,"_links":{"self":[{"href":"https:\/\/987aldia.com\/web\/wp-json\/wp\/v2\/posts\/822","targetHints":{"allow":["GET"]}}],"collection":[{"href":"https:\/\/987aldia.com\/web\/wp-json\/wp\/v2\/posts"}],"about":[{"href":"https:\/\/987aldia.com\/web\/wp-json\/wp\/v2\/types\/post"}],"author":[{"embeddable":true,"href":"https:\/\/987aldia.com\/web\/wp-json\/wp\/v2\/users\/1"}],"replies":[{"embeddable":true,"href":"https:\/\/987aldia.com\/web\/wp-json\/wp\/v2\/comments?post=822"}],"version-history":[{"count":9,"href":"https:\/\/987aldia.com\/web\/wp-json\/wp\/v2\/posts\/822\/revisions"}],"predecessor-version":[{"id":831,"href":"https:\/\/987aldia.com\/web\/wp-json\/wp\/v2\/posts\/822\/revisions\/831"}],"wp:featuredmedia":[{"embeddable":true,"href":"https:\/\/987aldia.com\/web\/wp-json\/wp\/v2\/media\/832"}],"wp:attachment":[{"href":"https:\/\/987aldia.com\/web\/wp-json\/wp\/v2\/media?parent=822"}],"wp:term":[{"taxonomy":"category","embeddable":true,"href":"https:\/\/987aldia.com\/web\/wp-json\/wp\/v2\/categories?post=822"},{"taxonomy":"post_tag","embeddable":true,"href":"https:\/\/987aldia.com\/web\/wp-json\/wp\/v2\/tags?post=822"}],"curies":[{"name":"wp","href":"https:\/\/api.w.org\/{rel}","templated":true}]}}