{"id":833,"date":"2023-03-09T11:23:01","date_gmt":"2023-03-09T11:23:01","guid":{"rendered":"https:\/\/987aldia.com\/web\/?p=833"},"modified":"2023-03-13T12:58:15","modified_gmt":"2023-03-13T12:58:15","slug":"la-junta-aseguran-el-plan-de-igualdad-para-hacerla-efectiva-entre-todas-las-personas-que-componen-la-administracion-autonomica","status":"publish","type":"post","link":"https:\/\/987aldia.com\/web\/la-junta-aseguran-el-plan-de-igualdad-para-hacerla-efectiva-entre-todas-las-personas-que-componen-la-administracion-autonomica\/","title":{"rendered":"La Junta aseguran el Plan de Igualdad para hacerla efectiva entre todas las personas que componen la Administraci\u00f3n Auton\u00f3mica"},"content":{"rendered":"\n<ul class=\"wp-block-list\">\n<li>Jes\u00fas Julio Carnero, consejero de la Presidencia, subraya que cumpliendo con un compromiso de legislatura, ya se est\u00e1 poniendo en marcha un software de seguimiento sobre igualdad que permitir\u00e1 gestionar todo el Plan de extremo a extremo<\/li>\n\n\n\n<li>Al mismo tiempo, Carnero reitera la importancia del Plan Anual de Formaci\u00f3n y destaca que 7 de cada 10 empleados p\u00fablicos que participaron en las acciones formativas ofertadas por la ECLAP el pasado a\u00f1o fueron mujeres<\/li>\n<\/ul>\n\n\n\n<p>Jes\u00fas Julio Carnero, consejero de la Presidencia, ha convocado hoy en Valladolid, la jornada sobre Igualdad de G\u00e9nero organizada por la ECLAP con el fin de defender la igualdad entre mujeres y hombres como un principio universal reconocido en diversos textos internacionales sobre derechos humanos, y como un principio fundamental en la Uni\u00f3n Europea.<\/p>\n\n\n\n<p>Como ha expresado el consejero, \u201cdesde la Junta de Castilla y Le\u00f3n consideramos esencial la igualdad de g\u00e9nero y de oportunidades en la organizaci\u00f3n de la Administraci\u00f3n, que se pone sobre la mesa a trav\u00e9s del Plan de Igualdad del Gobierno auton\u00f3mico y que se sustenta en tres pilares fundamentales: el econ\u00f3mico, el social y el personal\u201d.<\/p>\n\n\n\n<p><strong>Compromiso de legislatura<\/strong><\/p>\n\n\n\n<p>De los 35.704 empleados p\u00fablicos que han colaborado en las acciones formativas ofertadas por la ECLAP el pasado a\u00f1o, 24.648 son mujeres, en otros t\u00e9rminos, un 69 % del total. Es por ello que uno de los compromisos de legislatura recae en dar un importante impulso a este Plan de Igualdad y avanzar en los prop\u00f3sitos comprometidos para conseguir la igualdad efectiva entre todas las personas que componen la Administraci\u00f3n.<\/p>\n\n\n\n<p>De esta manera, se est\u00e1 implementando un software de seguimiento sobre igualdad que a\u00f1ade toda la legislaci\u00f3n aplicable a esta materia y que consentir\u00e1 gestionar todo el Plan de extremo a extremo. Tambi\u00e9n, en breve, se podr\u00e1 aplicar el protocolo para evitar acoso sexual o por raz\u00f3n de g\u00e9nero.<\/p>\n\n\n\n<p>Y como ha mencionado el consejero, \u201ccomo novedad dentro del Plan Anual de Formaci\u00f3n, desde la Consejer\u00eda de la Presidencia se ha creado un programa formativo espec\u00edfico de Igualdad de G\u00e9nero que incluye diversas actividades formativas, como cursos en diferentes formatos, organizaci\u00f3n de jornadas, elaboraci\u00f3n de recursos did\u00e1cticos\u2026 que promueven el an\u00e1lisis de situaciones de discriminaci\u00f3n, la creaci\u00f3n de actitudes de sensibilizaci\u00f3n y la adquisici\u00f3n de conocimientos y estrategias para la igualdad de g\u00e9nero\u201d.<\/p>\n\n\n\n<p>Esta jornada sobre igualdad de g\u00e9nero ya forma parte de dicho programa formativo.<\/p>\n\n\n\n<p>Igualmente, el d\u00eda 15 comienza un ciclo de seminarios web y se ofertar\u00e1n cursos espec\u00edficos de esta \u00e1rea:<\/p>\n\n\n\n<ul class=\"wp-block-list\">\n<li>Sensibilizaci\u00f3n en igualdad de g\u00e9nero.<\/li>\n\n\n\n<li>El rol de la mujer trabajadora.<\/li>\n\n\n\n<li>Aplicaci\u00f3n pr\u00e1ctica de la perspectiva de g\u00e9nero en la planificaci\u00f3n, dise\u00f1o y ejecuci\u00f3n de las pol\u00edticas p\u00fablicas en Castilla y Le\u00f3n, con especial incidencia en subvenciones y contratos.<\/li>\n\n\n\n<li>Liderazgo y empoderamiento femenino.<\/li>\n\n\n\n<li>Elaboraci\u00f3n de informes de impacto de g\u00e9nero y sensibilizaci\u00f3n.<\/li>\n\n\n\n<li>Conciliaci\u00f3n de la vida personal, familiar y laboral.<\/li>\n\n\n\n<li>Indicadores de g\u00e9nero e informaci\u00f3n \u00fatil para la igualdad.<\/li>\n\n\n\n<li>Presupuestos p\u00fablicos con impacto positivo en la igualdad.<\/li>\n\n\n\n<li>Incorporaci\u00f3n de cl\u00e1usulas sociales de igualdad de g\u00e9nero en la contrataci\u00f3n administrativa.<\/li>\n\n\n\n<li>Dise\u00f1o de planes de Igualdad en la Administraci\u00f3n local.<\/li>\n<\/ul>\n","protected":false},"excerpt":{"rendered":"<p>Jes\u00fas Julio Carnero, consejero de la Presidencia, ha convocado hoy en Valladolid, la jornada sobre Igualdad de G\u00e9nero organizada por la ECLAP con el fin de defender la igualdad entre mujeres y hombres como un principio universal reconocido en diversos textos internacionales sobre derechos humanos, y como un principio fundamental en la Uni\u00f3n Europea. Como [&hellip;]<\/p>\n","protected":false},"author":1,"featured_media":843,"comment_status":"open","ping_status":"closed","sticky":false,"template":"","format":"standard","meta":{"_monsterinsights_skip_tracking":false,"_monsterinsights_sitenote_active":false,"_monsterinsights_sitenote_note":"","_monsterinsights_sitenote_category":0,"site-container-style":"default","site-container-layout":"default","site-sidebar-layout":"default","disable-article-header":"default","disable-site-header":"default","disable-site-footer":"default","disable-content-area-spacing":"default","_jetpack_memberships_contains_paid_content":false,"footnotes":"","jetpack_publicize_message":"","jetpack_publicize_feature_enabled":true,"jetpack_social_post_already_shared":false,"jetpack_social_options":{"image_generator_settings":{"template":"highway","default_image_id":0,"font":"","enabled":false},"version":2}},"categories":[10],"tags":[],"class_list":["post-833","post","type-post","status-publish","format-standard","has-post-thumbnail","hentry","category-castilla-y-leon"],"jetpack_publicize_connections":[],"jetpack_featured_media_url":"https:\/\/987aldia.com\/web\/wp-content\/uploads\/2023\/03\/clay-banks-LjqARJaJotc-unsplash.jpg","jetpack_sharing_enabled":true,"_links":{"self":[{"href":"https:\/\/987aldia.com\/web\/wp-json\/wp\/v2\/posts\/833","targetHints":{"allow":["GET"]}}],"collection":[{"href":"https:\/\/987aldia.com\/web\/wp-json\/wp\/v2\/posts"}],"about":[{"href":"https:\/\/987aldia.com\/web\/wp-json\/wp\/v2\/types\/post"}],"author":[{"embeddable":true,"href":"https:\/\/987aldia.com\/web\/wp-json\/wp\/v2\/users\/1"}],"replies":[{"embeddable":true,"href":"https:\/\/987aldia.com\/web\/wp-json\/wp\/v2\/comments?post=833"}],"version-history":[{"count":9,"href":"https:\/\/987aldia.com\/web\/wp-json\/wp\/v2\/posts\/833\/revisions"}],"predecessor-version":[{"id":842,"href":"https:\/\/987aldia.com\/web\/wp-json\/wp\/v2\/posts\/833\/revisions\/842"}],"wp:featuredmedia":[{"embeddable":true,"href":"https:\/\/987aldia.com\/web\/wp-json\/wp\/v2\/media\/843"}],"wp:attachment":[{"href":"https:\/\/987aldia.com\/web\/wp-json\/wp\/v2\/media?parent=833"}],"wp:term":[{"taxonomy":"category","embeddable":true,"href":"https:\/\/987aldia.com\/web\/wp-json\/wp\/v2\/categories?post=833"},{"taxonomy":"post_tag","embeddable":true,"href":"https:\/\/987aldia.com\/web\/wp-json\/wp\/v2\/tags?post=833"}],"curies":[{"name":"wp","href":"https:\/\/api.w.org\/{rel}","templated":true}]}}