{"id":847,"date":"2023-03-09T12:37:42","date_gmt":"2023-03-09T12:37:42","guid":{"rendered":"https:\/\/987aldia.com\/web\/?p=847"},"modified":"2023-03-14T12:47:17","modified_gmt":"2023-03-14T12:47:17","slug":"salud-publica-remite-la-resolucion-para-proteger-la-salud-de-los-banistas-en-la-playa-del-rio-cua-al-ayuntamiento-de-cacabelos","status":"publish","type":"post","link":"https:\/\/987aldia.com\/web\/salud-publica-remite-la-resolucion-para-proteger-la-salud-de-los-banistas-en-la-playa-del-rio-cua-al-ayuntamiento-de-cacabelos\/","title":{"rendered":"Salud P\u00fablica remite la resoluci\u00f3n para proteger la salud de los ba\u00f1istas en la Playa del R\u00edo C\u00faa al Ayuntamiento de Cacabelos"},"content":{"rendered":"\n<h2 class=\"wp-block-heading\">La asistencia durante los cinco \u00faltimos a\u00f1os de la declaraci\u00f3n como la calidad \u00abinsuficiente\u00bb de las aguas de esa zona de ba\u00f1o, compromete, en cumplimiento de la normativa europea y nacional, que la administraci\u00f3n municipal responsable adopte medidas preventivas de salubridad.<\/h2>\n\n\n\n<p>La Direcci\u00f3n General de Salud P\u00fablica ha dado paso, en cumplimiento de la normativa nacional y europea vigente, de una resoluci\u00f3n por la que se insta al Ayuntamiento de Cacabelos (Le\u00f3n) a instaurar las medidas legalmente previstas en la zona de aguas de ba\u00f1o &#8216;R\u00edo C\u00faa Cacabelos&#8217;, que forma parte del censo de oficial de zonas de ba\u00f1o de Castilla y Le\u00f3n y que a su vez est\u00e1 dada de alta en el sistema de informaci\u00f3n nacional \u2018N\u00e1yade\u2019.<\/p>\n\n\n\n<p>Durante la temporada de ba\u00f1o se recogen en cada una de las zonas de ba\u00f1o del censo auton\u00f3mico y referenciadas en \u2018N\u00e1yade\u2019, entre otras informaciones, datos de muestreo, de inspecci\u00f3n visual, resultados anal\u00edticos de par\u00e1metros obligatorios, caracter\u00edsticas de cada playa fluvial o sobre inspecciones sanitarias.<\/p>\n\n\n\n<p>Toda esa informaci\u00f3n sirve para la elaboraci\u00f3n t\u00e9cnica del informe anual calificador de las aguas como de calidad \u201cinsuficiente\u201d, \u201csuficiente\u201d, \u201cbuena\u201d o \u201cexcelente\u201d.&nbsp;<\/p>\n\n\n\n<p>En este sentido, el Real Decreto 134\/2007, sobre la gesti\u00f3n de aguas de ba\u00f1o recoge, su art\u00edculo 12.4, que&nbsp;<em>\u201csi las aguas de ba\u00f1o son calificadas como de calidad \u201cinsuficiente\u201d durante cinco a\u00f1os consecutivos, la Autoridad competente<\/em>&nbsp;-en este caso la Direcci\u00f3n General de Salud P\u00fablica-&nbsp;<em>dispondr\u00e1 que se dicte una prohibici\u00f3n permanente del ba\u00f1os o la recomendaci\u00f3n de abstenerse del mismo\u201d<\/em>.<\/p>\n\n\n\n<p>En los \u00faltimos cinco a\u00f1os, varias de las inspecciones semanales encontraron en la zona \u2018R\u00edo C\u00faa Cacabelos\u2018 presencia de microorganismos de origen fecal en alta concentraci\u00f3n, lo que conllev\u00f3 su declaraci\u00f3n como \u201cno apta\u201d para el ba\u00f1o.<\/p>\n\n\n\n<p>Por ello, el Servicio Territorial de Sanidad en Le\u00f3n se ha fundamentado anualmente al Ayuntamiento de Cacabelos del resultado desfavorable, conmin\u00e1ndole a la adopci\u00f3n, en el ejercicio de sus competencias municipales, de las oportunas medidas correctoras tendentes a mejorar la calidad de las aguas de cara a las siguientes temporadas.<\/p>\n\n\n\n<p>Despu\u00e9s del verano de 2022, los an\u00e1lisis han vuelto a resultar de una calidad insuficiente en las aguas, con lo que se alcanzan esos cinco a\u00f1os de concurrencia a los que se refieren la legislaci\u00f3n europea, nacional y auton\u00f3mica.<\/p>\n\n\n\n<p>De hecho, en cumplimiento de la normativa vigente, la Consejer\u00eda de Sanidad, competente mediante la Direcci\u00f3n General de Salud P\u00fablica para la declaraci\u00f3n de situaciones irregulares y de incidencia en la calidad de las aguas de las zonas de ba\u00f1o, ha instado al Ayuntamiento de Cacabelos, como autoridad competente, a que adopte las medidas que recoje la normativa vigente, para la protecci\u00f3n de la salud de los ba\u00f1istas en la zona de ba\u00f1o \u2018R\u00edo C\u00faa Cacabelos\u2019.<\/p>\n","protected":false},"excerpt":{"rendered":"<p>La asistencia durante los cinco \u00faltimos a\u00f1os de la declaraci\u00f3n como la calidad \u00abinsuficiente\u00bb de las aguas de esa zona de ba\u00f1o, compromete, en cumplimiento de la normativa europea y nacional, que la administraci\u00f3n municipal responsable adopte medidas preventivas de salubridad. La Direcci\u00f3n General de Salud P\u00fablica ha dado paso, en cumplimiento de la normativa [&hellip;]<\/p>\n","protected":false},"author":1,"featured_media":849,"comment_status":"open","ping_status":"closed","sticky":false,"template":"","format":"standard","meta":{"_monsterinsights_skip_tracking":false,"_monsterinsights_sitenote_active":false,"_monsterinsights_sitenote_note":"","_monsterinsights_sitenote_category":0,"site-container-style":"default","site-container-layout":"default","site-sidebar-layout":"default","disable-article-header":"default","disable-site-header":"default","disable-site-footer":"default","disable-content-area-spacing":"default","_jetpack_memberships_contains_paid_content":false,"footnotes":"","jetpack_publicize_message":"","jetpack_publicize_feature_enabled":true,"jetpack_social_post_already_shared":false,"jetpack_social_options":{"image_generator_settings":{"template":"highway","default_image_id":0,"font":"","enabled":false},"version":2}},"categories":[10],"tags":[],"class_list":["post-847","post","type-post","status-publish","format-standard","has-post-thumbnail","hentry","category-castilla-y-leon"],"jetpack_publicize_connections":[],"jetpack_featured_media_url":"https:\/\/987aldia.com\/web\/wp-content\/uploads\/2023\/03\/camille-minouflet-d7M5Xramf8g-unsplash.jpg","jetpack_sharing_enabled":true,"_links":{"self":[{"href":"https:\/\/987aldia.com\/web\/wp-json\/wp\/v2\/posts\/847","targetHints":{"allow":["GET"]}}],"collection":[{"href":"https:\/\/987aldia.com\/web\/wp-json\/wp\/v2\/posts"}],"about":[{"href":"https:\/\/987aldia.com\/web\/wp-json\/wp\/v2\/types\/post"}],"author":[{"embeddable":true,"href":"https:\/\/987aldia.com\/web\/wp-json\/wp\/v2\/users\/1"}],"replies":[{"embeddable":true,"href":"https:\/\/987aldia.com\/web\/wp-json\/wp\/v2\/comments?post=847"}],"version-history":[{"count":2,"href":"https:\/\/987aldia.com\/web\/wp-json\/wp\/v2\/posts\/847\/revisions"}],"predecessor-version":[{"id":850,"href":"https:\/\/987aldia.com\/web\/wp-json\/wp\/v2\/posts\/847\/revisions\/850"}],"wp:featuredmedia":[{"embeddable":true,"href":"https:\/\/987aldia.com\/web\/wp-json\/wp\/v2\/media\/849"}],"wp:attachment":[{"href":"https:\/\/987aldia.com\/web\/wp-json\/wp\/v2\/media?parent=847"}],"wp:term":[{"taxonomy":"category","embeddable":true,"href":"https:\/\/987aldia.com\/web\/wp-json\/wp\/v2\/categories?post=847"},{"taxonomy":"post_tag","embeddable":true,"href":"https:\/\/987aldia.com\/web\/wp-json\/wp\/v2\/tags?post=847"}],"curies":[{"name":"wp","href":"https:\/\/api.w.org\/{rel}","templated":true}]}}