{"id":855,"date":"2023-03-14T16:12:11","date_gmt":"2023-03-14T16:12:11","guid":{"rendered":"https:\/\/987aldia.com\/web\/?p=855"},"modified":"2023-03-14T16:12:11","modified_gmt":"2023-03-14T16:12:11","slug":"la-consejeria-de-industria-comercio-y-empleo-ha-firmado-un-convenio-de-colaboracion-con-la-diputacion-de-burgos-para-promover-los-propositos-del-plan-anual-de-empleo-de-castilla-y-leon","status":"publish","type":"post","link":"https:\/\/987aldia.com\/web\/la-consejeria-de-industria-comercio-y-empleo-ha-firmado-un-convenio-de-colaboracion-con-la-diputacion-de-burgos-para-promover-los-propositos-del-plan-anual-de-empleo-de-castilla-y-leon\/","title":{"rendered":"La Consejer\u00eda de Industria, Comercio y Empleo ha firmado un convenio de colaboraci\u00f3n con la Diputaci\u00f3n de Burgos para promover los prop\u00f3sitos del Plan Anual de Empleo de Castilla y Le\u00f3n"},"content":{"rendered":"\n<ul class=\"wp-block-list\">\n<li>El consejero ha se\u00f1alado la importancia de colaboraci\u00f3n entre las diferentes administraciones para poder hacer frente al desempleo<\/li>\n\n\n\n<li>Gracias a este convenio, el a\u00f1o pasado se impuls\u00f3 la contrataci\u00f3n de m\u00e1s de 260 personas<\/li>\n<\/ul>\n\n\n\n<p>Mariano Veganzones, consejero de Industria, Comercio y Empleo, ha firmado en la jornada de hoy la pr\u00f3rroga de un convenio de colaboraci\u00f3n para propulsar el empleo con C\u00e9sar Rico, presidente de la Diputaci\u00f3n de Burgos. Los dos firmantes, como representantes de las diferentes administraciones, se comprometen mediante este documento a impulsar la contrataci\u00f3n, garantizando un trabajo de calidad para todas las personas desempleadas, de la misma forma que se les ayuda a adquirir una experiencia laboral y las capacidades necesarias para su despu\u00e9s inserci\u00f3n laboral.<\/p>\n\n\n\n<p>En 2022, la Consejer\u00eda que dirige Veganzones precis\u00f3 en colaboraci\u00f3n con la Diputaci\u00f3n de Burgos dos planes en materia de empleo. Por una parte, el Plan de Empleo General, con un valor de 1.360.000 euros, que facilit\u00f3 la contrataci\u00f3n de 136 desempleados. Por otra, el Plan Empleo Discapacitados, con una subvenci\u00f3n de 6,5 millones de euros, que propici\u00f3 la inserci\u00f3n de 130 personas.<\/p>\n\n\n\n<p>De la misma forma, se estableci\u00f3 colaboraci\u00f3n entre ambas administraciones en la implementaci\u00f3n de medidas de prevenci\u00f3n de riesgos laborales, con una subvenci\u00f3n directa de casi un mill\u00f3n de euros por parte de la Junta, para apoyar actividades de mejora de condiciones de seguridad y salud en los centros de trabajo de los municipios de menos de 2.000 habitantes. Por otro lado, de igual forma se colabor\u00f3 con la instituci\u00f3n provincial burgalesa en la protecci\u00f3n&nbsp;y apoyo&nbsp;al comercio local, con dos subvenciones que suman m\u00e1s de 111.000 euros, para promover el comercio tradicional y rural.<\/p>\n\n\n\n<p>En la Consejer\u00eda existe el fin de fomento del empleo local que, ligado con el apoyo al entorno rural, se erigen como los pilares sobre lo que asientan las pol\u00edticas activas de empleo que buscan esquivar la p\u00e9rdida de poblaci\u00f3n activa en Castilla y Le\u00f3n. Por eso, la coordinaci\u00f3n entre ambas administraciones, provinciales y auton\u00f3micas, es primordial para luchar contra el abandono de pueblos y continuar presentando servicios a los ciudadanos a pesar del h\u00e1ndicap que supone la dispersi\u00f3n territorial.<\/p>\n\n\n\n<p>De forma adicional, las diputaciones provinciales, coordinadas por la Comunidad, con sus propios recursos, pueden mediar en el ejercicio de estas competencias que no le son propias para el fomento de pol\u00edticas activas de empleo, a trav\u00e9s de la planificaci\u00f3n coordinada y la ejecuci\u00f3n de subvenciones destinadas a los municipios en el marco de sus actuaciones de est\u00edmulo de desarrollo local, y con el objetivo \u00faltimo de favorecer el crecimiento econ\u00f3mico de su territorio y de fijar poblaci\u00f3n, debi\u00e9ndose realizar en los t\u00e9rminos previstos por la legislaci\u00f3n auton\u00f3mica y estatal aplicables.<\/p>\n","protected":false},"excerpt":{"rendered":"<p>Mariano Veganzones, consejero de Industria, Comercio y Empleo, ha firmado en la jornada de hoy la pr\u00f3rroga de un convenio de colaboraci\u00f3n para propulsar el empleo con C\u00e9sar Rico, presidente de la Diputaci\u00f3n de Burgos. Los dos firmantes, como representantes de las diferentes administraciones, se comprometen mediante este documento a impulsar la contrataci\u00f3n, garantizando un [&hellip;]<\/p>\n","protected":false},"author":1,"featured_media":859,"comment_status":"open","ping_status":"closed","sticky":false,"template":"","format":"standard","meta":{"_monsterinsights_skip_tracking":false,"_monsterinsights_sitenote_active":false,"_monsterinsights_sitenote_note":"","_monsterinsights_sitenote_category":0,"site-container-style":"default","site-container-layout":"default","site-sidebar-layout":"default","disable-article-header":"default","disable-site-header":"default","disable-site-footer":"default","disable-content-area-spacing":"default","_jetpack_memberships_contains_paid_content":false,"footnotes":"","jetpack_publicize_message":"","jetpack_publicize_feature_enabled":true,"jetpack_social_post_already_shared":false,"jetpack_social_options":{"image_generator_settings":{"template":"highway","default_image_id":0,"font":"","enabled":false},"version":2}},"categories":[10],"tags":[],"class_list":["post-855","post","type-post","status-publish","format-standard","has-post-thumbnail","hentry","category-castilla-y-leon"],"jetpack_publicize_connections":[],"jetpack_featured_media_url":"https:\/\/987aldia.com\/web\/wp-content\/uploads\/2023\/03\/marten-bjork-6dW3xyQvcYE-unsplash.jpg","jetpack_sharing_enabled":true,"_links":{"self":[{"href":"https:\/\/987aldia.com\/web\/wp-json\/wp\/v2\/posts\/855","targetHints":{"allow":["GET"]}}],"collection":[{"href":"https:\/\/987aldia.com\/web\/wp-json\/wp\/v2\/posts"}],"about":[{"href":"https:\/\/987aldia.com\/web\/wp-json\/wp\/v2\/types\/post"}],"author":[{"embeddable":true,"href":"https:\/\/987aldia.com\/web\/wp-json\/wp\/v2\/users\/1"}],"replies":[{"embeddable":true,"href":"https:\/\/987aldia.com\/web\/wp-json\/wp\/v2\/comments?post=855"}],"version-history":[{"count":4,"href":"https:\/\/987aldia.com\/web\/wp-json\/wp\/v2\/posts\/855\/revisions"}],"predecessor-version":[{"id":860,"href":"https:\/\/987aldia.com\/web\/wp-json\/wp\/v2\/posts\/855\/revisions\/860"}],"wp:featuredmedia":[{"embeddable":true,"href":"https:\/\/987aldia.com\/web\/wp-json\/wp\/v2\/media\/859"}],"wp:attachment":[{"href":"https:\/\/987aldia.com\/web\/wp-json\/wp\/v2\/media?parent=855"}],"wp:term":[{"taxonomy":"category","embeddable":true,"href":"https:\/\/987aldia.com\/web\/wp-json\/wp\/v2\/categories?post=855"},{"taxonomy":"post_tag","embeddable":true,"href":"https:\/\/987aldia.com\/web\/wp-json\/wp\/v2\/tags?post=855"}],"curies":[{"name":"wp","href":"https:\/\/api.w.org\/{rel}","templated":true}]}}