{"id":865,"date":"2023-03-14T16:41:36","date_gmt":"2023-03-14T16:41:36","guid":{"rendered":"https:\/\/987aldia.com\/web\/?p=865"},"modified":"2023-03-14T16:41:37","modified_gmt":"2023-03-14T16:41:37","slug":"la-comunidad-reconoce-a-fecha-de-hoy-856-914-positivos-por-covid-19-de-los-cuales-850-421-han-tenido-confirmacion-por-pruebas-de-infeccion-activa-correccion","status":"publish","type":"post","link":"https:\/\/987aldia.com\/web\/la-comunidad-reconoce-a-fecha-de-hoy-856-914-positivos-por-covid-19-de-los-cuales-850-421-han-tenido-confirmacion-por-pruebas-de-infeccion-activa-correccion\/","title":{"rendered":"La Comunidad reconoce a fecha de hoy 856.914 positivos por Covid-19, de los cuales 850.421 han tenido confirmaci\u00f3n por pruebas de infecci\u00f3n activa &#8211; Correcci\u00f3n"},"content":{"rendered":"\n<p>Castilla y Le\u00f3n registra\u00a0<strong><em>(*)<\/em><\/strong>\u00a0en la jornada de hoy 132 casos de la COVID-19, con lo que su n\u00famero actualizado es de 856.914 positivos; de esa cifra, 850.421 contagios han tenido diagn\u00f3stico a trav\u00e9s de pruebas de infecci\u00f3n activa\u00a0<strong><em>(**)<\/em><\/strong>.<\/p>\n\n\n\n<p>Todas las nuevas confirmaciones comunicadas hoy lo han sido atendiendo a la consideraci\u00f3n de caso de infecci\u00f3n por SARS-CoV-2 adoptada por la Autoridad sanitaria nacional en la&nbsp;<a href=\"https:\/\/www.sanidad.gob.es\/profesionales\/saludPublica\/ccayes\/alertasActual\/nCov\/documentos\/Nueva_estrategia_vigilancia_y_control.pdf\">Estrategia Nacional de Vigilancia y Control frente a la COVID-19, tras la fase aguda de la pandemia (nueva actualizaci\u00f3n, a fecha 23 de marzo de 2022)<\/a><a href=\"https:\/\/docreader.readspeaker.com\/docreader\/?cid=bpeig&amp;lang=es_es&amp;url=https%3A%2F%2Fwww.sanidad.gob.es%2Fprofesionales%2FsaludPublica%2Fccayes%2FalertasActual%2FnCov%2Fdocumentos%2FNueva_estrategia_vigilancia_y_control.pdf\" target=\"_blank\" rel=\"noreferrer noopener\"><\/a>&nbsp;; de los 132 positivos trasladados al C.C.A.E.S. de acuerdo con el criterio epidemiol\u00f3gico del Ministerio de Sanidad, 109 han tenido confirmaci\u00f3n el d\u00eda previo.<\/p>\n\n\n\n<p>Los brotes activos\u00a0<strong><em>(***)\u00a0<\/em><\/strong>en estos momentos, en \u00e1mbitos vulnerables de la Comunidad son veintiuno y los casos positivos a ellos vinculados, 340.<\/p>\n\n\n\n<p>En el \u00e1mbito asistencial hospitalario se han consignado, en la actualizaci\u00f3n diaria respectivamente a la jornada anterior, treinta altas m\u00e1s y tres defunciones, con lo que ambos ep\u00edgrafes se sit\u00faan hoy en 55.821 pacientes y en 8.907\u00a0las personas fallecidas respectivamente<strong><em>.<\/em><\/strong><\/p>\n\n\n\n<p>La situaci\u00f3n sanitaria, recogida territorialmente, puede revisarse en el archivo adjunto de forma m\u00e1s amplia mediante este enlace al Portal de Transparencia de la Administraci\u00f3n castellana y leonesa (\u00a0<a href=\"https:\/\/analisis.datosabiertos.jcyl.es\/pages\/coronavirus\/\">Enlace a la informaci\u00f3n estad\u00edstica sanitaria sobre la pandemia de la COVID-19 en Castilla y Le\u00f3n<\/a>\u00a0); de igual modo ah\u00ed puede encontrarse la evoluci\u00f3n semanal de la vacunaci\u00f3n frente a la COVID-19.<\/p>\n\n\n\n<p>La Comunidad de Castilla y Le\u00f3n se sustenta actualmente en situaci\u00f3n de riesgo controlado (\u00a0<a href=\"https:\/\/bocyl.jcyl.es\/html\/2021\/09\/20\/html\/BOCYL-D-20092021-9.do\">Acuerdo 100\/2021, de 16 de septiembre, de la Junta de Castilla y Le\u00f3n, por el que se declara la situaci\u00f3n de riesgo controlado para todo el territorio de la Comunidad<\/a>\u00a0), con las medidas, obligaciones y limitaciones que, para ese estadio, se recogen en el normativa vigente, entre ella el\u00a0<em>Acuerdo 46\/2021, de 6 de mayo, por el que se actualizan los niveles de alerta sanitaria y el plan de medidas de prevenci\u00f3n y control para hacer frente a la crisis sanitaria ocasionada por la COVID-19<\/em>\u00a0y sus posteriores actualizaciones (\u00a0<a href=\"https:\/\/bocyl.jcyl.es\/html\/2022\/09\/30\/html\/BOCYL-D-30092022-19.do\">Acuerdo 174\/2022, de 29 de septiembre, de la Junta de Castilla y Le\u00f3n, por el que se dejan sin efecto determinadas medidas para el control y la prevenci\u00f3n frente a la COVID-19 en el territorio de la Comunidad de Castilla y Le\u00f3n.<\/a>\u00a0).<\/p>\n\n\n\n<p>Esa declaraci\u00f3n de situaci\u00f3n de riesgo controlado conlleva las obligaciones de cautela y protecci\u00f3n generales, entre ellas en lo referido al uso de mascarilla (de acuerdo con lo indicado en el&nbsp;<em>Real Decreto 65\/2023, de 7 de febrero, por el que se modifica la obligatoriedad del uso de mascarillas durante la situaci\u00f3n de crisis sanitaria ocasionada por la COVID-<\/em>19), la recomendaci\u00f3n del lavado frecuente de manos; la obligaci\u00f3n de colaborar en la informaci\u00f3n necesaria para la trazabilidad de contactos; y la necesaria la observancia responsable y solidaria de las limitaciones referidas a sectores y \u00e1mbitos sociales y de actividad concretos vigentes en cada momento, as\u00ed como cualquier otra medida higi\u00e9nico-sanitaria para la prevenci\u00f3n individual y social de enfermedades transmisibles.<\/p>\n\n\n\n<p><strong><em>(*) La informaci\u00f3n estad\u00edstica sobre la evoluci\u00f3n pand\u00e9mica y asistencial por la pandemia de la COVID-19 en Castilla y Le\u00f3n se facilita los martes y viernes, en el marco de la estrategia informativa acordada para el conjunto del Sistema Nacional de Salud.<\/em><\/strong><\/p>\n\n\n\n<p><strong><em>(**) Pruebas diagn\u00f3sticas de infecci\u00f3n activa (P.D.I.A): PCR y test Ag.<\/em><\/strong><\/p>\n\n\n\n<p><strong><em>(***) Los brotes notificados, de acuerdo con lo establecido en la actualizaci\u00f3n, a fecha 23 de marzo de 2022, de la Estrategia de Vigilancia y Control frente a la COVID-19 tras la fase pand\u00e9mica, son los producidos en \u00e1mbitos vulnerables (centros sanitarios asistenciales, centros sociosanitarios y centros de d\u00eda que prestan asistencia sociosanitaria, centros penitenciarios y otros centros con personas institucionalizadas) y con una agrupaci\u00f3n de tres o m\u00e1s casos vinculados a los entornos indicados.<\/em><\/strong><\/p>\n","protected":false},"excerpt":{"rendered":"<p>Castilla y Le\u00f3n registra\u00a0(*)\u00a0en la jornada de hoy 132 casos de la COVID-19, con lo que su n\u00famero actualizado es de 856.914 positivos; de esa cifra, 850.421 contagios han tenido diagn\u00f3stico a trav\u00e9s de pruebas de infecci\u00f3n activa\u00a0(**). Todas las nuevas confirmaciones comunicadas hoy lo han sido atendiendo a la consideraci\u00f3n de caso de infecci\u00f3n [&hellip;]<\/p>\n","protected":false},"author":1,"featured_media":866,"comment_status":"open","ping_status":"closed","sticky":false,"template":"","format":"standard","meta":{"_monsterinsights_skip_tracking":false,"_monsterinsights_sitenote_active":false,"_monsterinsights_sitenote_note":"","_monsterinsights_sitenote_category":0,"site-container-style":"default","site-container-layout":"default","site-sidebar-layout":"default","disable-article-header":"default","disable-site-header":"default","disable-site-footer":"default","disable-content-area-spacing":"default","_jetpack_memberships_contains_paid_content":false,"footnotes":"","jetpack_publicize_message":"","jetpack_publicize_feature_enabled":true,"jetpack_social_post_already_shared":false,"jetpack_social_options":{"image_generator_settings":{"template":"highway","default_image_id":0,"font":"","enabled":false},"version":2}},"categories":[10],"tags":[],"class_list":["post-865","post","type-post","status-publish","format-standard","has-post-thumbnail","hentry","category-castilla-y-leon"],"jetpack_publicize_connections":[],"jetpack_featured_media_url":"https:\/\/987aldia.com\/web\/wp-content\/uploads\/2023\/03\/tai-s-captures-Lhb-zwQ-QGI-unsplash.jpg","jetpack_sharing_enabled":true,"_links":{"self":[{"href":"https:\/\/987aldia.com\/web\/wp-json\/wp\/v2\/posts\/865","targetHints":{"allow":["GET"]}}],"collection":[{"href":"https:\/\/987aldia.com\/web\/wp-json\/wp\/v2\/posts"}],"about":[{"href":"https:\/\/987aldia.com\/web\/wp-json\/wp\/v2\/types\/post"}],"author":[{"embeddable":true,"href":"https:\/\/987aldia.com\/web\/wp-json\/wp\/v2\/users\/1"}],"replies":[{"embeddable":true,"href":"https:\/\/987aldia.com\/web\/wp-json\/wp\/v2\/comments?post=865"}],"version-history":[{"count":1,"href":"https:\/\/987aldia.com\/web\/wp-json\/wp\/v2\/posts\/865\/revisions"}],"predecessor-version":[{"id":867,"href":"https:\/\/987aldia.com\/web\/wp-json\/wp\/v2\/posts\/865\/revisions\/867"}],"wp:featuredmedia":[{"embeddable":true,"href":"https:\/\/987aldia.com\/web\/wp-json\/wp\/v2\/media\/866"}],"wp:attachment":[{"href":"https:\/\/987aldia.com\/web\/wp-json\/wp\/v2\/media?parent=865"}],"wp:term":[{"taxonomy":"category","embeddable":true,"href":"https:\/\/987aldia.com\/web\/wp-json\/wp\/v2\/categories?post=865"},{"taxonomy":"post_tag","embeddable":true,"href":"https:\/\/987aldia.com\/web\/wp-json\/wp\/v2\/tags?post=865"}],"curies":[{"name":"wp","href":"https:\/\/api.w.org\/{rel}","templated":true}]}}