{"id":8770,"date":"2025-08-22T10:05:58","date_gmt":"2025-08-22T08:05:58","guid":{"rendered":"https:\/\/987aldia.com\/web\/intensas-labores-nocturnas-para-proteger-a-cariseda-fornela-del-incendio\/"},"modified":"2025-08-22T10:05:58","modified_gmt":"2025-08-22T08:05:58","slug":"intensas-labores-nocturnas-para-proteger-a-cariseda-fornela-del-incendio","status":"publish","type":"post","link":"https:\/\/987aldia.com\/web\/intensas-labores-nocturnas-para-proteger-a-cariseda-fornela-del-incendio\/","title":{"rendered":"Intensas labores nocturnas para proteger a Cariseda (Fornela) del incendio"},"content":{"rendered":"<p>En una noche de intenso trabajo y valent\u00eda, los equipos de emergencia lucharon incansablemente para salvar la localidad de Cariseda, en Fornela, de ser consumida por las llamas. La alcaldesa de Peranzanes, visiblemente preocupada, inform\u00f3 que actualmente se est\u00e1 vigilando de cerca el avance del fuego que se dirige desde Trascastro hasta Chano, con el firme prop\u00f3sito de evitar que se adentre en la zona de Ancares.<\/p>\n<p>A pesar de los esfuerzos desplegados, los problemas persisten en \u00e1reas como Anllarinos, Colinas e Ig\u00fce\u00f1a, donde las condiciones clim\u00e1ticas adversas contin\u00faan complicando la tarea de los bomberos y voluntarios que trabajan incansablemente para sofocar las llamas.<\/p>\n<p>La solidaridad y la determinaci\u00f3n de los equipos de emergencia, as\u00ed como el apoyo de la comunidad, son fundamentales en momentos como este, donde la naturaleza desata su furia sin contemplaciones. La esperanza se mantiene viva en medio de la adversidad, con la firme convicci\u00f3n de proteger cada rinc\u00f3n de nuestra tierra de la devastaci\u00f3n provocada por el fuego.<\/p>\n","protected":false},"excerpt":{"rendered":"<p>En una noche de intenso trabajo y valent\u00eda, los equipos de emergencia lucharon incansablemente para salvar la localidad de Cariseda, en Fornela, de ser consumida por las llamas. La alcaldesa de Peranzanes, visiblemente preocupada, inform\u00f3 que actualmente se est\u00e1 vigilando de cerca el avance del fuego que se dirige desde Trascastro hasta Chano, con el [&hellip;]<\/p>\n","protected":false},"author":1,"featured_media":8771,"comment_status":"open","ping_status":"closed","sticky":false,"template":"","format":"standard","meta":{"_monsterinsights_skip_tracking":false,"_monsterinsights_sitenote_active":false,"_monsterinsights_sitenote_note":"","_monsterinsights_sitenote_category":0,"site-container-style":"default","site-container-layout":"default","site-sidebar-layout":"default","disable-article-header":"default","disable-site-header":"default","disable-site-footer":"default","disable-content-area-spacing":"default","_jetpack_memberships_contains_paid_content":false,"footnotes":"","jetpack_publicize_message":"","jetpack_publicize_feature_enabled":true,"jetpack_social_post_already_shared":true,"jetpack_social_options":{"image_generator_settings":{"template":"highway","default_image_id":0,"font":"","enabled":false},"version":2}},"categories":[1],"tags":[],"class_list":["post-8770","post","type-post","status-publish","format-standard","has-post-thumbnail","hentry","category-uncategorized"],"jetpack_publicize_connections":[],"jetpack_featured_media_url":"https:\/\/987aldia.com\/web\/wp-content\/uploads\/2025\/08\/68a824e6b4245.jpg","jetpack_sharing_enabled":true,"_links":{"self":[{"href":"https:\/\/987aldia.com\/web\/wp-json\/wp\/v2\/posts\/8770","targetHints":{"allow":["GET"]}}],"collection":[{"href":"https:\/\/987aldia.com\/web\/wp-json\/wp\/v2\/posts"}],"about":[{"href":"https:\/\/987aldia.com\/web\/wp-json\/wp\/v2\/types\/post"}],"author":[{"embeddable":true,"href":"https:\/\/987aldia.com\/web\/wp-json\/wp\/v2\/users\/1"}],"replies":[{"embeddable":true,"href":"https:\/\/987aldia.com\/web\/wp-json\/wp\/v2\/comments?post=8770"}],"version-history":[{"count":0,"href":"https:\/\/987aldia.com\/web\/wp-json\/wp\/v2\/posts\/8770\/revisions"}],"wp:featuredmedia":[{"embeddable":true,"href":"https:\/\/987aldia.com\/web\/wp-json\/wp\/v2\/media\/8771"}],"wp:attachment":[{"href":"https:\/\/987aldia.com\/web\/wp-json\/wp\/v2\/media?parent=8770"}],"wp:term":[{"taxonomy":"category","embeddable":true,"href":"https:\/\/987aldia.com\/web\/wp-json\/wp\/v2\/categories?post=8770"},{"taxonomy":"post_tag","embeddable":true,"href":"https:\/\/987aldia.com\/web\/wp-json\/wp\/v2\/tags?post=8770"}],"curies":[{"name":"wp","href":"https:\/\/api.w.org\/{rel}","templated":true}]}}