{"id":8772,"date":"2025-08-22T12:05:29","date_gmt":"2025-08-22T10:05:29","guid":{"rendered":"https:\/\/987aldia.com\/web\/preocupacion-por-el-aumento-del-insomnio-en-iguena-y-colinas\/"},"modified":"2025-08-22T12:05:29","modified_gmt":"2025-08-22T10:05:29","slug":"preocupacion-por-el-aumento-del-insomnio-en-iguena-y-colinas","status":"publish","type":"post","link":"https:\/\/987aldia.com\/web\/preocupacion-por-el-aumento-del-insomnio-en-iguena-y-colinas\/","title":{"rendered":"Preocupaci\u00f3n por el aumento del insomnio en Ig\u00fce\u00f1a y Colinas"},"content":{"rendered":"<p>En una noche de insomnio en Ig\u00fce\u00f1a y Colinas, la comunidad se vio envuelta en una situaci\u00f3n de emergencia cuando un incendio amenazaba con consumir la zona. Vecinos y un gran operativo de medios se unieron para salvar la regi\u00f3n, evitando que las llamas se adentraran en el extenso bosque de pinos que se extiende hacia Noceda.<\/p>\n<p>En medio de la angustia y la incertidumbre, mineros jubilados de Colinas compartieron su visi\u00f3n sobre la situaci\u00f3n, recordando tiempos dif\u00edciles de lucha y resistencia. Su experiencia y valent\u00eda se sumaron a los esfuerzos para contener el fuego y proteger la vida y los recursos naturales de la regi\u00f3n.<\/p>\n<p>La solidaridad y el trabajo en equipo fueron clave para enfrentar esta amenaza, demostrando una vez m\u00e1s la fuerza y la uni\u00f3n de estas comunidades ante adversidades. A pesar del susto y la tensi\u00f3n, la colaboraci\u00f3n entre vecinos y autoridades logr\u00f3 evitar una tragedia mayor y preservar el entorno natural que tanto valoran los habitantes de Ig\u00fce\u00f1a y Colinas.<\/p>\n","protected":false},"excerpt":{"rendered":"<p>En una noche de insomnio en Ig\u00fce\u00f1a y Colinas, la comunidad se vio envuelta en una situaci\u00f3n de emergencia cuando un incendio amenazaba con consumir la zona. Vecinos y un gran operativo de medios se unieron para salvar la regi\u00f3n, evitando que las llamas se adentraran en el extenso bosque de pinos que se extiende [&hellip;]<\/p>\n","protected":false},"author":1,"featured_media":8773,"comment_status":"open","ping_status":"closed","sticky":false,"template":"","format":"standard","meta":{"_monsterinsights_skip_tracking":false,"_monsterinsights_sitenote_active":false,"_monsterinsights_sitenote_note":"","_monsterinsights_sitenote_category":0,"site-container-style":"default","site-container-layout":"default","site-sidebar-layout":"default","disable-article-header":"default","disable-site-header":"default","disable-site-footer":"default","disable-content-area-spacing":"default","_jetpack_memberships_contains_paid_content":false,"footnotes":"","jetpack_publicize_message":"","jetpack_publicize_feature_enabled":true,"jetpack_social_post_already_shared":true,"jetpack_social_options":{"image_generator_settings":{"template":"highway","default_image_id":0,"font":"","enabled":false},"version":2}},"categories":[1],"tags":[],"class_list":["post-8772","post","type-post","status-publish","format-standard","has-post-thumbnail","hentry","category-uncategorized"],"jetpack_publicize_connections":[],"jetpack_featured_media_url":"https:\/\/987aldia.com\/web\/wp-content\/uploads\/2025\/08\/68a840e9050da.jpg","jetpack_sharing_enabled":true,"_links":{"self":[{"href":"https:\/\/987aldia.com\/web\/wp-json\/wp\/v2\/posts\/8772","targetHints":{"allow":["GET"]}}],"collection":[{"href":"https:\/\/987aldia.com\/web\/wp-json\/wp\/v2\/posts"}],"about":[{"href":"https:\/\/987aldia.com\/web\/wp-json\/wp\/v2\/types\/post"}],"author":[{"embeddable":true,"href":"https:\/\/987aldia.com\/web\/wp-json\/wp\/v2\/users\/1"}],"replies":[{"embeddable":true,"href":"https:\/\/987aldia.com\/web\/wp-json\/wp\/v2\/comments?post=8772"}],"version-history":[{"count":0,"href":"https:\/\/987aldia.com\/web\/wp-json\/wp\/v2\/posts\/8772\/revisions"}],"wp:featuredmedia":[{"embeddable":true,"href":"https:\/\/987aldia.com\/web\/wp-json\/wp\/v2\/media\/8773"}],"wp:attachment":[{"href":"https:\/\/987aldia.com\/web\/wp-json\/wp\/v2\/media?parent=8772"}],"wp:term":[{"taxonomy":"category","embeddable":true,"href":"https:\/\/987aldia.com\/web\/wp-json\/wp\/v2\/categories?post=8772"},{"taxonomy":"post_tag","embeddable":true,"href":"https:\/\/987aldia.com\/web\/wp-json\/wp\/v2\/tags?post=8772"}],"curies":[{"name":"wp","href":"https:\/\/api.w.org\/{rel}","templated":true}]}}