{"id":8776,"date":"2025-08-22T16:05:40","date_gmt":"2025-08-22T14:05:40","guid":{"rendered":"https:\/\/987aldia.com\/web\/concierto-de-schubert-y-piano-romantico-inauguran-el-fin-de-semana-en-villafranca\/"},"modified":"2025-08-22T16:05:40","modified_gmt":"2025-08-22T14:05:40","slug":"concierto-de-schubert-y-piano-romantico-inauguran-el-fin-de-semana-en-villafranca","status":"publish","type":"post","link":"https:\/\/987aldia.com\/web\/concierto-de-schubert-y-piano-romantico-inauguran-el-fin-de-semana-en-villafranca\/","title":{"rendered":"Concierto de Schubert y piano rom\u00e1ntico inauguran el fin de semana en Villafranca"},"content":{"rendered":"<p>El arte y la m\u00fasica se combinaron en una velada inolvidable en Villafranca este fin de semana, con el Festival \u00abM\u00fasica en Villafranca\u00bb presentando la exquisita poes\u00eda de Schubert y la emotiva melod\u00eda del piano rom\u00e1ntico. Los asistentes fueron transportados a trav\u00e9s de las notas y los versos en un ambiente de ensue\u00f1o, donde la magia de la m\u00fasica cl\u00e1sica conquist\u00f3 los corazones de todos los presentes.<\/p>\n<p>El viernes 22 y s\u00e1bado 23 de agosto quedaron marcados en el calendario cultural de la ciudad, con dos actuaciones memorables que deleitaron a los amantes de la m\u00fasica y la poes\u00eda. La atm\u00f3sfera se llen\u00f3 de emoci\u00f3n y sofisticaci\u00f3n, creando un entorno propicio para la contemplaci\u00f3n y la reflexi\u00f3n.<\/p>\n<p>El Festival \u00abM\u00fasica en Villafranca\u00bb demuestra una vez m\u00e1s su compromiso con la excelencia art\u00edstica y su capacidad para llevar la m\u00fasica cl\u00e1sica a todos los rincones, enriqueciendo el panorama cultural de la regi\u00f3n. Sin duda, este evento se consolida como una cita imprescindible para los amantes de la buena m\u00fasica y el arte en todas sus formas.<\/p>\n","protected":false},"excerpt":{"rendered":"<p>El arte y la m\u00fasica se combinaron en una velada inolvidable en Villafranca este fin de semana, con el Festival \u00abM\u00fasica en Villafranca\u00bb presentando la exquisita poes\u00eda de Schubert y la emotiva melod\u00eda del piano rom\u00e1ntico. Los asistentes fueron transportados a trav\u00e9s de las notas y los versos en un ambiente de ensue\u00f1o, donde la [&hellip;]<\/p>\n","protected":false},"author":1,"featured_media":8777,"comment_status":"open","ping_status":"closed","sticky":false,"template":"","format":"standard","meta":{"_monsterinsights_skip_tracking":false,"_monsterinsights_sitenote_active":false,"_monsterinsights_sitenote_note":"","_monsterinsights_sitenote_category":0,"site-container-style":"default","site-container-layout":"default","site-sidebar-layout":"default","disable-article-header":"default","disable-site-header":"default","disable-site-footer":"default","disable-content-area-spacing":"default","_jetpack_memberships_contains_paid_content":false,"footnotes":"","jetpack_publicize_message":"","jetpack_publicize_feature_enabled":true,"jetpack_social_post_already_shared":true,"jetpack_social_options":{"image_generator_settings":{"template":"highway","default_image_id":0,"font":"","enabled":false},"version":2}},"categories":[1],"tags":[],"class_list":["post-8776","post","type-post","status-publish","format-standard","has-post-thumbnail","hentry","category-uncategorized"],"jetpack_publicize_connections":[],"jetpack_featured_media_url":"https:\/\/987aldia.com\/web\/wp-content\/uploads\/2025\/08\/68a87934cd46f.jpg","jetpack_sharing_enabled":true,"_links":{"self":[{"href":"https:\/\/987aldia.com\/web\/wp-json\/wp\/v2\/posts\/8776","targetHints":{"allow":["GET"]}}],"collection":[{"href":"https:\/\/987aldia.com\/web\/wp-json\/wp\/v2\/posts"}],"about":[{"href":"https:\/\/987aldia.com\/web\/wp-json\/wp\/v2\/types\/post"}],"author":[{"embeddable":true,"href":"https:\/\/987aldia.com\/web\/wp-json\/wp\/v2\/users\/1"}],"replies":[{"embeddable":true,"href":"https:\/\/987aldia.com\/web\/wp-json\/wp\/v2\/comments?post=8776"}],"version-history":[{"count":0,"href":"https:\/\/987aldia.com\/web\/wp-json\/wp\/v2\/posts\/8776\/revisions"}],"wp:featuredmedia":[{"embeddable":true,"href":"https:\/\/987aldia.com\/web\/wp-json\/wp\/v2\/media\/8777"}],"wp:attachment":[{"href":"https:\/\/987aldia.com\/web\/wp-json\/wp\/v2\/media?parent=8776"}],"wp:term":[{"taxonomy":"category","embeddable":true,"href":"https:\/\/987aldia.com\/web\/wp-json\/wp\/v2\/categories?post=8776"},{"taxonomy":"post_tag","embeddable":true,"href":"https:\/\/987aldia.com\/web\/wp-json\/wp\/v2\/tags?post=8776"}],"curies":[{"name":"wp","href":"https:\/\/api.w.org\/{rel}","templated":true}]}}