{"id":8838,"date":"2025-08-25T08:05:34","date_gmt":"2025-08-25T06:05:34","guid":{"rendered":"https:\/\/987aldia.com\/web\/celebracion-de-dos-decadas-desde-la-primera-ofrenda-de-mosto-en-carracedo\/"},"modified":"2025-08-25T08:05:34","modified_gmt":"2025-08-25T06:05:34","slug":"celebracion-de-dos-decadas-desde-la-primera-ofrenda-de-mosto-en-carracedo","status":"publish","type":"post","link":"https:\/\/987aldia.com\/web\/celebracion-de-dos-decadas-desde-la-primera-ofrenda-de-mosto-en-carracedo\/","title":{"rendered":"Celebraci\u00f3n de dos d\u00e9cadas desde la primera ofrenda de mosto en Carracedo"},"content":{"rendered":"<p>La localidad de Carracedo ha conmemorado con gran alegr\u00eda y tradici\u00f3n la vig\u00e9sima edici\u00f3n de la ofrenda del primer mosto de la vendimia. El emblem\u00e1tico monasterio de Santa Mar\u00eda fue el escenario perfecto para esta celebraci\u00f3n, la cual cont\u00f3 con la presidencia de Torre del Bierzo, destacada figura local.<\/p>\n<p>El punto culminante del evento fue, sin duda, la tradicional pisada de uvas, que se llev\u00f3 a cabo con entusiasmo y destreza por parte de los participantes. Este gesto ancestral simboliza el inicio de la cosecha y la elaboraci\u00f3n de uno de los productos m\u00e1s preciados de la regi\u00f3n: el vino.<\/p>\n<p>La presencia de autoridades locales, vecinos y amantes del vino en esta conmemoraci\u00f3n refleja el arraigo y la importancia que la tradici\u00f3n vitivin\u00edcola tiene en la comunidad de Carracedo. Sin duda, este evento no solo representa una celebraci\u00f3n festiva, sino tambi\u00e9n un homenaje a la historia y la cultura de la regi\u00f3n.<\/p>\n","protected":false},"excerpt":{"rendered":"<p>La localidad de Carracedo ha conmemorado con gran alegr\u00eda y tradici\u00f3n la vig\u00e9sima edici\u00f3n de la ofrenda del primer mosto de la vendimia. El emblem\u00e1tico monasterio de Santa Mar\u00eda fue el escenario perfecto para esta celebraci\u00f3n, la cual cont\u00f3 con la presidencia de Torre del Bierzo, destacada figura local. El punto culminante del evento fue, [&hellip;]<\/p>\n","protected":false},"author":1,"featured_media":8839,"comment_status":"open","ping_status":"closed","sticky":false,"template":"","format":"standard","meta":{"_monsterinsights_skip_tracking":false,"_monsterinsights_sitenote_active":false,"_monsterinsights_sitenote_note":"","_monsterinsights_sitenote_category":0,"site-container-style":"default","site-container-layout":"default","site-sidebar-layout":"default","disable-article-header":"default","disable-site-header":"default","disable-site-footer":"default","disable-content-area-spacing":"default","_jetpack_memberships_contains_paid_content":false,"footnotes":"","jetpack_publicize_message":"","jetpack_publicize_feature_enabled":true,"jetpack_social_post_already_shared":true,"jetpack_social_options":{"image_generator_settings":{"template":"highway","default_image_id":0,"font":"","enabled":false},"version":2}},"categories":[1],"tags":[],"class_list":["post-8838","post","type-post","status-publish","format-standard","has-post-thumbnail","hentry","category-uncategorized"],"jetpack_publicize_connections":[],"jetpack_featured_media_url":"https:\/\/987aldia.com\/web\/wp-content\/uploads\/2025\/08\/68abfd2ebb9e7.jpg","jetpack_sharing_enabled":true,"_links":{"self":[{"href":"https:\/\/987aldia.com\/web\/wp-json\/wp\/v2\/posts\/8838","targetHints":{"allow":["GET"]}}],"collection":[{"href":"https:\/\/987aldia.com\/web\/wp-json\/wp\/v2\/posts"}],"about":[{"href":"https:\/\/987aldia.com\/web\/wp-json\/wp\/v2\/types\/post"}],"author":[{"embeddable":true,"href":"https:\/\/987aldia.com\/web\/wp-json\/wp\/v2\/users\/1"}],"replies":[{"embeddable":true,"href":"https:\/\/987aldia.com\/web\/wp-json\/wp\/v2\/comments?post=8838"}],"version-history":[{"count":0,"href":"https:\/\/987aldia.com\/web\/wp-json\/wp\/v2\/posts\/8838\/revisions"}],"wp:featuredmedia":[{"embeddable":true,"href":"https:\/\/987aldia.com\/web\/wp-json\/wp\/v2\/media\/8839"}],"wp:attachment":[{"href":"https:\/\/987aldia.com\/web\/wp-json\/wp\/v2\/media?parent=8838"}],"wp:term":[{"taxonomy":"category","embeddable":true,"href":"https:\/\/987aldia.com\/web\/wp-json\/wp\/v2\/categories?post=8838"},{"taxonomy":"post_tag","embeddable":true,"href":"https:\/\/987aldia.com\/web\/wp-json\/wp\/v2\/tags?post=8838"}],"curies":[{"name":"wp","href":"https:\/\/api.w.org\/{rel}","templated":true}]}}