{"id":8840,"date":"2025-08-25T10:05:53","date_gmt":"2025-08-25T08:05:53","guid":{"rendered":"https:\/\/987aldia.com\/web\/asi-se-vivio-el-incendio-de-molinaseca-impactantes-imagenes-capturadas-en-fotos\/"},"modified":"2025-08-25T10:05:53","modified_gmt":"2025-08-25T08:05:53","slug":"asi-se-vivio-el-incendio-de-molinaseca-impactantes-imagenes-capturadas-en-fotos","status":"publish","type":"post","link":"https:\/\/987aldia.com\/web\/asi-se-vivio-el-incendio-de-molinaseca-impactantes-imagenes-capturadas-en-fotos\/","title":{"rendered":"As\u00ed se vivi\u00f3 el incendio de Molinaseca: impactantes im\u00e1genes capturadas en fotos."},"content":{"rendered":"<p>Un voraz incendio forestal ha devastado el pueblo de Molinaseca, dejando a su paso un panorama desolador de destrucci\u00f3n y desolaci\u00f3n. Las llamas han consumido todo a su paso, obligando a las autoridades a evacuar a los residentes de Fasgar, Vegapuj\u00edn, Posada de Oma\u00f1a, Torrecillo y Barrio de la Puente, quienes han tenido que abandonar sus hogares en busca de seguridad.<\/p>\n<p>Las impactantes im\u00e1genes capturadas muestran la magnitud de la tragedia, con el fuego arrasando sin piedad con la vegetaci\u00f3n y las viviendas de la zona. Los esfuerzos de los equipos de emergencia para contener las llamas han sido tit\u00e1nicos, pero la fuerza del incendio ha demostrado ser implacable.<\/p>\n<p>Mientras la comunidad local lucha contra las llamas y trata de proteger lo que queda de sus propiedades, la solidaridad y el apoyo de la poblaci\u00f3n vecina se han hecho sentir. La esperanza de poder contener el incendio y evitar mayores p\u00e9rdidas materiales y humanas sigue latente, pero la situaci\u00f3n sigue siendo cr\u00edtica y el riesgo persiste.<\/p>\n<p>El incendio de Molinaseca es un tr\u00e1gico recordatorio de la fragilidad de nuestros ecosistemas y de la importancia de tomar medidas urgentes para prevenir y combatir los incendios forestales. La solidaridad y la colaboraci\u00f3n de todos son fundamentales en momentos como este, donde la naturaleza nos recuerda su poder y su vulnerabilidad.<\/p>\n","protected":false},"excerpt":{"rendered":"<p>Un voraz incendio forestal ha devastado el pueblo de Molinaseca, dejando a su paso un panorama desolador de destrucci\u00f3n y desolaci\u00f3n. Las llamas han consumido todo a su paso, obligando a las autoridades a evacuar a los residentes de Fasgar, Vegapuj\u00edn, Posada de Oma\u00f1a, Torrecillo y Barrio de la Puente, quienes han tenido que abandonar [&hellip;]<\/p>\n","protected":false},"author":1,"featured_media":8841,"comment_status":"open","ping_status":"closed","sticky":false,"template":"","format":"standard","meta":{"_monsterinsights_skip_tracking":false,"_monsterinsights_sitenote_active":false,"_monsterinsights_sitenote_note":"","_monsterinsights_sitenote_category":0,"site-container-style":"default","site-container-layout":"default","site-sidebar-layout":"default","disable-article-header":"default","disable-site-header":"default","disable-site-footer":"default","disable-content-area-spacing":"default","_jetpack_memberships_contains_paid_content":false,"footnotes":"","jetpack_publicize_message":"","jetpack_publicize_feature_enabled":true,"jetpack_social_post_already_shared":true,"jetpack_social_options":{"image_generator_settings":{"template":"highway","default_image_id":0,"font":"","enabled":false},"version":2}},"categories":[1],"tags":[],"class_list":["post-8840","post","type-post","status-publish","format-standard","has-post-thumbnail","hentry","category-uncategorized"],"jetpack_publicize_connections":[],"jetpack_featured_media_url":"https:\/\/987aldia.com\/web\/wp-content\/uploads\/2025\/08\/68ac196139955.jpg","jetpack_sharing_enabled":true,"_links":{"self":[{"href":"https:\/\/987aldia.com\/web\/wp-json\/wp\/v2\/posts\/8840","targetHints":{"allow":["GET"]}}],"collection":[{"href":"https:\/\/987aldia.com\/web\/wp-json\/wp\/v2\/posts"}],"about":[{"href":"https:\/\/987aldia.com\/web\/wp-json\/wp\/v2\/types\/post"}],"author":[{"embeddable":true,"href":"https:\/\/987aldia.com\/web\/wp-json\/wp\/v2\/users\/1"}],"replies":[{"embeddable":true,"href":"https:\/\/987aldia.com\/web\/wp-json\/wp\/v2\/comments?post=8840"}],"version-history":[{"count":0,"href":"https:\/\/987aldia.com\/web\/wp-json\/wp\/v2\/posts\/8840\/revisions"}],"wp:featuredmedia":[{"embeddable":true,"href":"https:\/\/987aldia.com\/web\/wp-json\/wp\/v2\/media\/8841"}],"wp:attachment":[{"href":"https:\/\/987aldia.com\/web\/wp-json\/wp\/v2\/media?parent=8840"}],"wp:term":[{"taxonomy":"category","embeddable":true,"href":"https:\/\/987aldia.com\/web\/wp-json\/wp\/v2\/categories?post=8840"},{"taxonomy":"post_tag","embeddable":true,"href":"https:\/\/987aldia.com\/web\/wp-json\/wp\/v2\/tags?post=8840"}],"curies":[{"name":"wp","href":"https:\/\/api.w.org\/{rel}","templated":true}]}}