{"id":8844,"date":"2025-08-25T14:05:51","date_gmt":"2025-08-25T12:05:51","guid":{"rendered":"https:\/\/987aldia.com\/web\/ponferrada-brinda-toda-su-programacion-de-la-encina-en-las-calles\/"},"modified":"2025-08-25T14:05:51","modified_gmt":"2025-08-25T12:05:51","slug":"ponferrada-brinda-toda-su-programacion-de-la-encina-en-las-calles","status":"publish","type":"post","link":"https:\/\/987aldia.com\/web\/ponferrada-brinda-toda-su-programacion-de-la-encina-en-las-calles\/","title":{"rendered":"Ponferrada brinda toda su programaci\u00f3n de La Encina en las calles"},"content":{"rendered":"<p>La ciudad de Ponferrada se prepara para celebrar su festividad m\u00e1s emblem\u00e1tica, La Encina, con una programaci\u00f3n repleta de eventos para todos los gustos y edades. El ayuntamiento ha desvelado un completo calendario que incluye m\u00fasica, tradici\u00f3n y actividades culturales que invitar\u00e1n a los vecinos a disfrutar de esta festividad tan arraigada en la localidad.<\/p>\n<p>Desde conciertos al aire libre hasta exhibiciones de danzas tradicionales, pasando por talleres para ni\u00f1os y exposiciones art\u00edsticas, La Encina promete ser una fiesta inolvidable. Los ciudadanos de Ponferrada podr\u00e1n disfrutar de una agenda diversa que busca mantener viva la esencia y las ra\u00edces de esta celebraci\u00f3n tan querida por todos.<\/p>\n<p>Con esta iniciativa, el ayuntamiento busca fomentar la participaci\u00f3n ciudadana y promover el inter\u00e9s por las tradiciones locales, creando un ambiente festivo y cultural que invite a todos a sumarse a los festejos. La programaci\u00f3n de La Encina promete emocionar, entretener y enriquecer a todos los asistentes, convirtiendo a Ponferrada en el lugar perfecto para disfrutar en familia de esta celebraci\u00f3n tan especial.<\/p>\n","protected":false},"excerpt":{"rendered":"<p>La ciudad de Ponferrada se prepara para celebrar su festividad m\u00e1s emblem\u00e1tica, La Encina, con una programaci\u00f3n repleta de eventos para todos los gustos y edades. El ayuntamiento ha desvelado un completo calendario que incluye m\u00fasica, tradici\u00f3n y actividades culturales que invitar\u00e1n a los vecinos a disfrutar de esta festividad tan arraigada en la localidad. [&hellip;]<\/p>\n","protected":false},"author":1,"featured_media":8845,"comment_status":"open","ping_status":"closed","sticky":false,"template":"","format":"standard","meta":{"_monsterinsights_skip_tracking":false,"_monsterinsights_sitenote_active":false,"_monsterinsights_sitenote_note":"","_monsterinsights_sitenote_category":0,"site-container-style":"default","site-container-layout":"default","site-sidebar-layout":"default","disable-article-header":"default","disable-site-header":"default","disable-site-footer":"default","disable-content-area-spacing":"default","_jetpack_memberships_contains_paid_content":false,"footnotes":"","jetpack_publicize_message":"","jetpack_publicize_feature_enabled":true,"jetpack_social_post_already_shared":true,"jetpack_social_options":{"image_generator_settings":{"template":"highway","default_image_id":0,"font":"","enabled":false},"version":2}},"categories":[1],"tags":[],"class_list":["post-8844","post","type-post","status-publish","format-standard","has-post-thumbnail","hentry","category-uncategorized"],"jetpack_publicize_connections":[],"jetpack_featured_media_url":"https:\/\/987aldia.com\/web\/wp-content\/uploads\/2025\/08\/68ac519fa6971.jpg","jetpack_sharing_enabled":true,"_links":{"self":[{"href":"https:\/\/987aldia.com\/web\/wp-json\/wp\/v2\/posts\/8844","targetHints":{"allow":["GET"]}}],"collection":[{"href":"https:\/\/987aldia.com\/web\/wp-json\/wp\/v2\/posts"}],"about":[{"href":"https:\/\/987aldia.com\/web\/wp-json\/wp\/v2\/types\/post"}],"author":[{"embeddable":true,"href":"https:\/\/987aldia.com\/web\/wp-json\/wp\/v2\/users\/1"}],"replies":[{"embeddable":true,"href":"https:\/\/987aldia.com\/web\/wp-json\/wp\/v2\/comments?post=8844"}],"version-history":[{"count":0,"href":"https:\/\/987aldia.com\/web\/wp-json\/wp\/v2\/posts\/8844\/revisions"}],"wp:featuredmedia":[{"embeddable":true,"href":"https:\/\/987aldia.com\/web\/wp-json\/wp\/v2\/media\/8845"}],"wp:attachment":[{"href":"https:\/\/987aldia.com\/web\/wp-json\/wp\/v2\/media?parent=8844"}],"wp:term":[{"taxonomy":"category","embeddable":true,"href":"https:\/\/987aldia.com\/web\/wp-json\/wp\/v2\/categories?post=8844"},{"taxonomy":"post_tag","embeddable":true,"href":"https:\/\/987aldia.com\/web\/wp-json\/wp\/v2\/tags?post=8844"}],"curies":[{"name":"wp","href":"https:\/\/api.w.org\/{rel}","templated":true}]}}