{"id":8856,"date":"2025-08-26T02:05:47","date_gmt":"2025-08-26T00:05:47","guid":{"rendered":"https:\/\/987aldia.com\/web\/el-psoe-exige-la-dimision-inmediata-de-manueco-al-frente-de-la-junta-de-castilla-y-leon\/"},"modified":"2025-08-26T02:05:47","modified_gmt":"2025-08-26T00:05:47","slug":"el-psoe-exige-la-dimision-inmediata-de-manueco-al-frente-de-la-junta-de-castilla-y-leon","status":"publish","type":"post","link":"https:\/\/987aldia.com\/web\/el-psoe-exige-la-dimision-inmediata-de-manueco-al-frente-de-la-junta-de-castilla-y-leon\/","title":{"rendered":"El PSOE exige la dimisi\u00f3n inmediata de Ma\u00f1ueco al frente de la Junta de Castilla y Le\u00f3n"},"content":{"rendered":"<p>El Partido Socialista Obrero Espa\u00f1ol (PSOE) ha anunciado que solicitar\u00e1 la dimisi\u00f3n del presidente de la Junta de Castilla y Le\u00f3n, Alfonso Fern\u00e1ndez Ma\u00f1ueco, en una reuni\u00f3n que se llevar\u00e1 a cabo el pr\u00f3ximo viernes. Seg\u00fan fuentes del partido, consideran que Ma\u00f1ueco no puede seguir al frente del gobierno regional y se espera que la petici\u00f3n sea respaldada por el Grupo Parlamentario Socialista.<\/p>\n<p>Adem\u00e1s, se ha informado que el Grupo Parlamentario Socialista ha presentado un total de 40 iniciativas con el objetivo de obtener m\u00e1s informaci\u00f3n sobre los operativos realizados durante la pasada temporada de incendios forestales en la regi\u00f3n. Estas iniciativas buscan esclarecer los detalles de las acciones llevadas a cabo para combatir los incendios y mejorar la gesti\u00f3n de futuras emergencias de este tipo.<\/p>\n<p>La tensi\u00f3n pol\u00edtica en Castilla y Le\u00f3n parece estar en aumento, con el PSOE mostrando una clara postura cr\u00edtica hacia la gesti\u00f3n de Ma\u00f1ueco y exigiendo transparencia en las actuaciones del gobierno regional en temas tan sensibles como la protecci\u00f3n del medio ambiente y la seguridad de los ciudadanos ante incendios forestales. La respuesta del presidente de la Junta y su equipo ante estas demandas ser\u00e1 crucial para el futuro de la administraci\u00f3n regional.<\/p>\n","protected":false},"excerpt":{"rendered":"<p>El Partido Socialista Obrero Espa\u00f1ol (PSOE) ha anunciado que solicitar\u00e1 la dimisi\u00f3n del presidente de la Junta de Castilla y Le\u00f3n, Alfonso Fern\u00e1ndez Ma\u00f1ueco, en una reuni\u00f3n que se llevar\u00e1 a cabo el pr\u00f3ximo viernes. Seg\u00fan fuentes del partido, consideran que Ma\u00f1ueco no puede seguir al frente del gobierno regional y se espera que la [&hellip;]<\/p>\n","protected":false},"author":1,"featured_media":8857,"comment_status":"open","ping_status":"closed","sticky":false,"template":"","format":"standard","meta":{"_monsterinsights_skip_tracking":false,"_monsterinsights_sitenote_active":false,"_monsterinsights_sitenote_note":"","_monsterinsights_sitenote_category":0,"site-container-style":"default","site-container-layout":"default","site-sidebar-layout":"default","disable-article-header":"default","disable-site-header":"default","disable-site-footer":"default","disable-content-area-spacing":"default","_jetpack_memberships_contains_paid_content":false,"footnotes":"","jetpack_publicize_message":"","jetpack_publicize_feature_enabled":true,"jetpack_social_post_already_shared":true,"jetpack_social_options":{"image_generator_settings":{"template":"highway","default_image_id":0,"font":"","enabled":false},"version":2}},"categories":[1],"tags":[],"class_list":["post-8856","post","type-post","status-publish","format-standard","has-post-thumbnail","hentry","category-uncategorized"],"jetpack_publicize_connections":[],"jetpack_featured_media_url":"https:\/\/987aldia.com\/web\/wp-content\/uploads\/2025\/08\/68acfa5baff52.jpg","jetpack_sharing_enabled":true,"_links":{"self":[{"href":"https:\/\/987aldia.com\/web\/wp-json\/wp\/v2\/posts\/8856","targetHints":{"allow":["GET"]}}],"collection":[{"href":"https:\/\/987aldia.com\/web\/wp-json\/wp\/v2\/posts"}],"about":[{"href":"https:\/\/987aldia.com\/web\/wp-json\/wp\/v2\/types\/post"}],"author":[{"embeddable":true,"href":"https:\/\/987aldia.com\/web\/wp-json\/wp\/v2\/users\/1"}],"replies":[{"embeddable":true,"href":"https:\/\/987aldia.com\/web\/wp-json\/wp\/v2\/comments?post=8856"}],"version-history":[{"count":0,"href":"https:\/\/987aldia.com\/web\/wp-json\/wp\/v2\/posts\/8856\/revisions"}],"wp:featuredmedia":[{"embeddable":true,"href":"https:\/\/987aldia.com\/web\/wp-json\/wp\/v2\/media\/8857"}],"wp:attachment":[{"href":"https:\/\/987aldia.com\/web\/wp-json\/wp\/v2\/media?parent=8856"}],"wp:term":[{"taxonomy":"category","embeddable":true,"href":"https:\/\/987aldia.com\/web\/wp-json\/wp\/v2\/categories?post=8856"},{"taxonomy":"post_tag","embeddable":true,"href":"https:\/\/987aldia.com\/web\/wp-json\/wp\/v2\/tags?post=8856"}],"curies":[{"name":"wp","href":"https:\/\/api.w.org\/{rel}","templated":true}]}}