{"id":8865,"date":"2025-08-26T10:05:45","date_gmt":"2025-08-26T08:05:45","guid":{"rendered":"https:\/\/987aldia.com\/web\/manueco-dara-cuenta-en-las-cortes-de-la-gestion-de-los-incendios-este-viernes\/"},"modified":"2025-08-26T10:05:45","modified_gmt":"2025-08-26T08:05:45","slug":"manueco-dara-cuenta-en-las-cortes-de-la-gestion-de-los-incendios-este-viernes","status":"publish","type":"post","link":"https:\/\/987aldia.com\/web\/manueco-dara-cuenta-en-las-cortes-de-la-gestion-de-los-incendios-este-viernes\/","title":{"rendered":"Ma\u00f1ueco dar\u00e1 cuenta en las Cortes de la gesti\u00f3n de los incendios este viernes"},"content":{"rendered":"<p>El presidente de la Junta de Castilla y Le\u00f3n, Alfonso Fern\u00e1ndez Ma\u00f1ueco, dar\u00e1 explicaciones este viernes ante las Cortes sobre la gesti\u00f3n llevada a cabo durante los recientes incendios forestales que han afectado a la regi\u00f3n. La solicitud para que Ma\u00f1ueco compareciera fue aprobada la semana pasada durante la reuni\u00f3n de la Diputaci\u00f3n Permanente del Parlamento auton\u00f3mico, donde se acord\u00f3 que el mandatario deber\u00e1 dar cuenta de las acciones tomadas por su gobierno para hacer frente a la emergencia ambiental. Esta comparecencia se espera que arroje luz sobre las decisiones tomadas por las autoridades en medio de la crisis provocada por los incendios, que han generado preocupaci\u00f3n entre la poblaci\u00f3n y han puesto en evidencia la importancia de contar con una adecuada planificaci\u00f3n y respuesta ante este tipo de situaciones.<\/p>\n","protected":false},"excerpt":{"rendered":"<p>El presidente de la Junta de Castilla y Le\u00f3n, Alfonso Fern\u00e1ndez Ma\u00f1ueco, dar\u00e1 explicaciones este viernes ante las Cortes sobre la gesti\u00f3n llevada a cabo durante los recientes incendios forestales que han afectado a la regi\u00f3n. La solicitud para que Ma\u00f1ueco compareciera fue aprobada la semana pasada durante la reuni\u00f3n de la Diputaci\u00f3n Permanente del [&hellip;]<\/p>\n","protected":false},"author":1,"featured_media":8866,"comment_status":"open","ping_status":"closed","sticky":false,"template":"","format":"standard","meta":{"_monsterinsights_skip_tracking":false,"_monsterinsights_sitenote_active":false,"_monsterinsights_sitenote_note":"","_monsterinsights_sitenote_category":0,"site-container-style":"default","site-container-layout":"default","site-sidebar-layout":"default","disable-article-header":"default","disable-site-header":"default","disable-site-footer":"default","disable-content-area-spacing":"default","_jetpack_memberships_contains_paid_content":false,"footnotes":"","jetpack_publicize_message":"","jetpack_publicize_feature_enabled":true,"jetpack_social_post_already_shared":true,"jetpack_social_options":{"image_generator_settings":{"template":"highway","default_image_id":0,"font":"","enabled":false},"version":2}},"categories":[1],"tags":[],"class_list":["post-8865","post","type-post","status-publish","format-standard","has-post-thumbnail","hentry","category-uncategorized"],"jetpack_publicize_connections":[],"jetpack_featured_media_url":"https:\/\/987aldia.com\/web\/wp-content\/uploads\/2025\/08\/68ad6ad945c6c.jpg","jetpack_sharing_enabled":true,"_links":{"self":[{"href":"https:\/\/987aldia.com\/web\/wp-json\/wp\/v2\/posts\/8865","targetHints":{"allow":["GET"]}}],"collection":[{"href":"https:\/\/987aldia.com\/web\/wp-json\/wp\/v2\/posts"}],"about":[{"href":"https:\/\/987aldia.com\/web\/wp-json\/wp\/v2\/types\/post"}],"author":[{"embeddable":true,"href":"https:\/\/987aldia.com\/web\/wp-json\/wp\/v2\/users\/1"}],"replies":[{"embeddable":true,"href":"https:\/\/987aldia.com\/web\/wp-json\/wp\/v2\/comments?post=8865"}],"version-history":[{"count":0,"href":"https:\/\/987aldia.com\/web\/wp-json\/wp\/v2\/posts\/8865\/revisions"}],"wp:featuredmedia":[{"embeddable":true,"href":"https:\/\/987aldia.com\/web\/wp-json\/wp\/v2\/media\/8866"}],"wp:attachment":[{"href":"https:\/\/987aldia.com\/web\/wp-json\/wp\/v2\/media?parent=8865"}],"wp:term":[{"taxonomy":"category","embeddable":true,"href":"https:\/\/987aldia.com\/web\/wp-json\/wp\/v2\/categories?post=8865"},{"taxonomy":"post_tag","embeddable":true,"href":"https:\/\/987aldia.com\/web\/wp-json\/wp\/v2\/tags?post=8865"}],"curies":[{"name":"wp","href":"https:\/\/api.w.org\/{rel}","templated":true}]}}