{"id":8867,"date":"2025-08-26T12:07:22","date_gmt":"2025-08-26T10:07:22","guid":{"rendered":"https:\/\/987aldia.com\/web\/inicio-de-gestiones-de-la-junta-para-solicitar-compensaciones-por-danos-en-negocios-artesania-y-servicios\/"},"modified":"2025-08-26T12:07:22","modified_gmt":"2025-08-26T10:07:22","slug":"inicio-de-gestiones-de-la-junta-para-solicitar-compensaciones-por-danos-en-negocios-artesania-y-servicios","status":"publish","type":"post","link":"https:\/\/987aldia.com\/web\/inicio-de-gestiones-de-la-junta-para-solicitar-compensaciones-por-danos-en-negocios-artesania-y-servicios\/","title":{"rendered":"Inicio de gestiones de la Junta para solicitar compensaciones por da\u00f1os en negocios, artesan\u00eda y servicios"},"content":{"rendered":"<p>La Junta de Andaluc\u00eda ha dado un paso importante en la gesti\u00f3n de la crisis provocada por los incendios forestales que han arrasado varias zonas de la regi\u00f3n. La Consejer\u00eda de Industria, Comercio y Empleo ha anunciado que ha iniciado los tr\u00e1mites necesarios para solicitar ayudas destinadas a los comercios, artesanos y servicios afectados por esta tragedia.<\/p>\n<p>Estas ayudas buscan apoyar la reconstrucci\u00f3n y recuperaci\u00f3n de los negocios de peque\u00f1as y medianas empresas, as\u00ed como de los trabajadores aut\u00f3nomos que han sufrido las consecuencias de los incendios. La iniciativa pretende ser un impulso para la reactivaci\u00f3n econ\u00f3mica de las zonas afectadas, donde la devastaci\u00f3n ha dejado un rastro de destrucci\u00f3n y p\u00e9rdidas materiales.<\/p>\n<p>Con esta medida, la Junta busca mostrar su compromiso con la recuperaci\u00f3n de la actividad comercial y artesanal en las \u00e1reas golpeadas por los incendios, brindando un apoyo necesario para la reconstrucci\u00f3n de los negocios y la reactivaci\u00f3n de la econom\u00eda local. Se espera que estas ayudas contribuyan a paliar los da\u00f1os causados por los siniestros y a dar una oportunidad de recuperaci\u00f3n a los afectados.<\/p>\n","protected":false},"excerpt":{"rendered":"<p>La Junta de Andaluc\u00eda ha dado un paso importante en la gesti\u00f3n de la crisis provocada por los incendios forestales que han arrasado varias zonas de la regi\u00f3n. La Consejer\u00eda de Industria, Comercio y Empleo ha anunciado que ha iniciado los tr\u00e1mites necesarios para solicitar ayudas destinadas a los comercios, artesanos y servicios afectados por [&hellip;]<\/p>\n","protected":false},"author":1,"featured_media":8868,"comment_status":"open","ping_status":"closed","sticky":false,"template":"","format":"standard","meta":{"_monsterinsights_skip_tracking":false,"_monsterinsights_sitenote_active":false,"_monsterinsights_sitenote_note":"","_monsterinsights_sitenote_category":0,"site-container-style":"default","site-container-layout":"default","site-sidebar-layout":"default","disable-article-header":"default","disable-site-header":"default","disable-site-footer":"default","disable-content-area-spacing":"default","_jetpack_memberships_contains_paid_content":false,"footnotes":"","jetpack_publicize_message":"","jetpack_publicize_feature_enabled":true,"jetpack_social_post_already_shared":true,"jetpack_social_options":{"image_generator_settings":{"template":"highway","default_image_id":0,"font":"","enabled":false},"version":2}},"categories":[1],"tags":[],"class_list":["post-8867","post","type-post","status-publish","format-standard","has-post-thumbnail","hentry","category-uncategorized"],"jetpack_publicize_connections":[],"jetpack_featured_media_url":"https:\/\/987aldia.com\/web\/wp-content\/uploads\/2025\/08\/68ad875ab7daf.jpg","jetpack_sharing_enabled":true,"_links":{"self":[{"href":"https:\/\/987aldia.com\/web\/wp-json\/wp\/v2\/posts\/8867","targetHints":{"allow":["GET"]}}],"collection":[{"href":"https:\/\/987aldia.com\/web\/wp-json\/wp\/v2\/posts"}],"about":[{"href":"https:\/\/987aldia.com\/web\/wp-json\/wp\/v2\/types\/post"}],"author":[{"embeddable":true,"href":"https:\/\/987aldia.com\/web\/wp-json\/wp\/v2\/users\/1"}],"replies":[{"embeddable":true,"href":"https:\/\/987aldia.com\/web\/wp-json\/wp\/v2\/comments?post=8867"}],"version-history":[{"count":0,"href":"https:\/\/987aldia.com\/web\/wp-json\/wp\/v2\/posts\/8867\/revisions"}],"wp:featuredmedia":[{"embeddable":true,"href":"https:\/\/987aldia.com\/web\/wp-json\/wp\/v2\/media\/8868"}],"wp:attachment":[{"href":"https:\/\/987aldia.com\/web\/wp-json\/wp\/v2\/media?parent=8867"}],"wp:term":[{"taxonomy":"category","embeddable":true,"href":"https:\/\/987aldia.com\/web\/wp-json\/wp\/v2\/categories?post=8867"},{"taxonomy":"post_tag","embeddable":true,"href":"https:\/\/987aldia.com\/web\/wp-json\/wp\/v2\/tags?post=8867"}],"curies":[{"name":"wp","href":"https:\/\/api.w.org\/{rel}","templated":true}]}}