{"id":8871,"date":"2025-08-26T16:05:36","date_gmt":"2025-08-26T14:05:36","guid":{"rendered":"https:\/\/987aldia.com\/web\/el-regreso-a-clases-en-castilla-y-leon-implicara-un-gasto-promedio-de-602-euros\/"},"modified":"2025-08-26T16:05:36","modified_gmt":"2025-08-26T14:05:36","slug":"el-regreso-a-clases-en-castilla-y-leon-implicara-un-gasto-promedio-de-602-euros","status":"publish","type":"post","link":"https:\/\/987aldia.com\/web\/el-regreso-a-clases-en-castilla-y-leon-implicara-un-gasto-promedio-de-602-euros\/","title":{"rendered":"El regreso a clases en Castilla y Le\u00f3n implicar\u00e1 un gasto promedio de 602 euros"},"content":{"rendered":"<p>El regreso a las aulas se acerca y con \u00e9l llega el temido desembolso econ\u00f3mico que supone para las familias. Seg\u00fan un estudio reciente, en Castilla y Le\u00f3n este a\u00f1o la vuelta al cole tendr\u00e1 un coste medio de 602 euros, una cifra que preocupa a muchos padres y madres de la regi\u00f3n. Sin embargo, los madrile\u00f1os son los que tendr\u00e1n que hacer un mayor esfuerzo econ\u00f3mico, con un gasto medio de 745 euros, mientras que los gallegos disfrutar\u00e1n de la vuelta al cole m\u00e1s econ\u00f3mica, con un coste medio de 544 euros.<\/p>\n<p>Estas cifras ponen de manifiesto la disparidad de precios que existe en diferentes comunidades aut\u00f3nomas a la hora de afrontar la vuelta a las aulas. Los materiales escolares, libros, uniformes y otros gastos asociados a este periodo pueden suponer una carga importante para las econom\u00edas familiares, especialmente en un contexto de incertidumbre econ\u00f3mica como el actual.<\/p>\n<p>Ante esta situaci\u00f3n, muchos padres y madres se ven en la dif\u00edcil tesitura de tener que hacer malabares para cuadrar sus presupuestos y garantizar que sus hijos cuenten con todo lo necesario para afrontar el nuevo curso escolar. La vuelta al cole se convierte as\u00ed en un reto financiero que cada familia afronta de manera distinta, adapt\u00e1ndose a sus posibilidades y prioridades.<\/p>\n<p>En este escenario, la reflexi\u00f3n sobre la necesidad de pol\u00edticas que faciliten el acceso a una educaci\u00f3n equitativa y de calidad cobra especial relevancia. \u00bfEst\u00e1n preparadas nuestras familias para afrontar estos costes? \u00bfQu\u00e9 medidas pueden tomarse para aliviar la carga econ\u00f3mica que supone la vuelta al cole? Son preguntas que merecen ser debatidas y que ponen de manifiesto la importancia de garantizar el derecho a la educaci\u00f3n de todos los ni\u00f1os y ni\u00f1as, independientemente de su situaci\u00f3n econ\u00f3mica.<\/p>\n","protected":false},"excerpt":{"rendered":"<p>El regreso a las aulas se acerca y con \u00e9l llega el temido desembolso econ\u00f3mico que supone para las familias. Seg\u00fan un estudio reciente, en Castilla y Le\u00f3n este a\u00f1o la vuelta al cole tendr\u00e1 un coste medio de 602 euros, una cifra que preocupa a muchos padres y madres de la regi\u00f3n. Sin embargo, [&hellip;]<\/p>\n","protected":false},"author":1,"featured_media":8872,"comment_status":"open","ping_status":"closed","sticky":false,"template":"","format":"standard","meta":{"_monsterinsights_skip_tracking":false,"_monsterinsights_sitenote_active":false,"_monsterinsights_sitenote_note":"","_monsterinsights_sitenote_category":0,"site-container-style":"default","site-container-layout":"default","site-sidebar-layout":"default","disable-article-header":"default","disable-site-header":"default","disable-site-footer":"default","disable-content-area-spacing":"default","_jetpack_memberships_contains_paid_content":false,"footnotes":"","jetpack_publicize_message":"","jetpack_publicize_feature_enabled":true,"jetpack_social_post_already_shared":true,"jetpack_social_options":{"image_generator_settings":{"template":"highway","default_image_id":0,"font":"","enabled":false},"version":2}},"categories":[1],"tags":[],"class_list":["post-8871","post","type-post","status-publish","format-standard","has-post-thumbnail","hentry","category-uncategorized"],"jetpack_publicize_connections":[],"jetpack_featured_media_url":"https:\/\/987aldia.com\/web\/wp-content\/uploads\/2025\/08\/68adbf3010fc6.jpg","jetpack_sharing_enabled":true,"_links":{"self":[{"href":"https:\/\/987aldia.com\/web\/wp-json\/wp\/v2\/posts\/8871","targetHints":{"allow":["GET"]}}],"collection":[{"href":"https:\/\/987aldia.com\/web\/wp-json\/wp\/v2\/posts"}],"about":[{"href":"https:\/\/987aldia.com\/web\/wp-json\/wp\/v2\/types\/post"}],"author":[{"embeddable":true,"href":"https:\/\/987aldia.com\/web\/wp-json\/wp\/v2\/users\/1"}],"replies":[{"embeddable":true,"href":"https:\/\/987aldia.com\/web\/wp-json\/wp\/v2\/comments?post=8871"}],"version-history":[{"count":0,"href":"https:\/\/987aldia.com\/web\/wp-json\/wp\/v2\/posts\/8871\/revisions"}],"wp:featuredmedia":[{"embeddable":true,"href":"https:\/\/987aldia.com\/web\/wp-json\/wp\/v2\/media\/8872"}],"wp:attachment":[{"href":"https:\/\/987aldia.com\/web\/wp-json\/wp\/v2\/media?parent=8871"}],"wp:term":[{"taxonomy":"category","embeddable":true,"href":"https:\/\/987aldia.com\/web\/wp-json\/wp\/v2\/categories?post=8871"},{"taxonomy":"post_tag","embeddable":true,"href":"https:\/\/987aldia.com\/web\/wp-json\/wp\/v2\/tags?post=8871"}],"curies":[{"name":"wp","href":"https:\/\/api.w.org\/{rel}","templated":true}]}}