{"id":8877,"date":"2025-08-27T02:05:35","date_gmt":"2025-08-27T00:05:35","guid":{"rendered":"https:\/\/987aldia.com\/web\/cancelada-la-tradicional-romeria-de-la-maragateria-en-lucillo-este-fin-de-semana\/"},"modified":"2025-08-27T02:05:35","modified_gmt":"2025-08-27T00:05:35","slug":"cancelada-la-tradicional-romeria-de-la-maragateria-en-lucillo-este-fin-de-semana","status":"publish","type":"post","link":"https:\/\/987aldia.com\/web\/cancelada-la-tradicional-romeria-de-la-maragateria-en-lucillo-este-fin-de-semana\/","title":{"rendered":"Cancelada la tradicional Romer\u00eda de la Maragater\u00eda en Lucillo este fin de semana"},"content":{"rendered":"<p>La tradicional Romer\u00eda de la Maragater\u00eda, uno de los eventos m\u00e1s esperados en la localidad de Lucillo, ha sido suspendida. Los fieles y devotos que cada a\u00f1o se congregan para rendir homenaje a la Virgen de la Encina, patrona de la localidad, se han visto sorprendidos por esta decisi\u00f3n. La cancelaci\u00f3n de la romer\u00eda, programada para el pr\u00f3ximo s\u00e1bado, ha generado descontento entre los habitantes de la zona y los participantes habituales.<\/p>\n<p>La incertidumbre y la preocupaci\u00f3n se han apoderado de los lugare\u00f1os, que no han recibido explicaciones concretas sobre las razones que han motivado la suspensi\u00f3n de un evento tan arraigado en la tradici\u00f3n local. Mientras tanto, las autoridades locales han declarado que la decisi\u00f3n se ha tomado siguiendo las recomendaciones sanitarias para prevenir posibles contagios de COVID-19.<\/p>\n<p>La Romer\u00eda de la Maragater\u00eda es un acontecimiento que re\u00fane a familias y amigos en un ambiente de celebraci\u00f3n y devoci\u00f3n. La ausencia de esta festividad ha dejado un vac\u00edo en el calendario de actividades de la localidad, que se ve privada de una de sus manifestaciones culturales m\u00e1s emblem\u00e1ticas. Los organizadores han expresado su pesar por la situaci\u00f3n, pero han asegurado que la salud y la seguridad de los asistentes son la prioridad en estos tiempos de incertidumbre.<\/p>\n<p>Mientras tanto, los vecinos de Lucillo esperan con ansias poder retomar sus tradiciones y celebraciones una vez que las circunstancias lo permitan. La Romer\u00eda de la Maragater\u00eda, suspendida este a\u00f1o, deja un mensaje de prudencia y responsabilidad ante la situaci\u00f3n de emergencia sanitaria que afecta a todo el pa\u00eds.<\/p>\n","protected":false},"excerpt":{"rendered":"<p>La tradicional Romer\u00eda de la Maragater\u00eda, uno de los eventos m\u00e1s esperados en la localidad de Lucillo, ha sido suspendida. Los fieles y devotos que cada a\u00f1o se congregan para rendir homenaje a la Virgen de la Encina, patrona de la localidad, se han visto sorprendidos por esta decisi\u00f3n. La cancelaci\u00f3n de la romer\u00eda, programada [&hellip;]<\/p>\n","protected":false},"author":1,"featured_media":8878,"comment_status":"open","ping_status":"closed","sticky":false,"template":"","format":"standard","meta":{"_monsterinsights_skip_tracking":false,"_monsterinsights_sitenote_active":false,"_monsterinsights_sitenote_note":"","_monsterinsights_sitenote_category":0,"site-container-style":"default","site-container-layout":"default","site-sidebar-layout":"default","disable-article-header":"default","disable-site-header":"default","disable-site-footer":"default","disable-content-area-spacing":"default","_jetpack_memberships_contains_paid_content":false,"footnotes":"","jetpack_publicize_message":"","jetpack_publicize_feature_enabled":true,"jetpack_social_post_already_shared":true,"jetpack_social_options":{"image_generator_settings":{"template":"highway","default_image_id":0,"font":"","enabled":false},"version":2}},"categories":[1],"tags":[],"class_list":["post-8877","post","type-post","status-publish","format-standard","has-post-thumbnail","hentry","category-uncategorized"],"jetpack_publicize_connections":[],"jetpack_featured_media_url":"https:\/\/987aldia.com\/web\/wp-content\/uploads\/2025\/08\/68ae4bcfaa3b9.jpg","jetpack_sharing_enabled":true,"_links":{"self":[{"href":"https:\/\/987aldia.com\/web\/wp-json\/wp\/v2\/posts\/8877","targetHints":{"allow":["GET"]}}],"collection":[{"href":"https:\/\/987aldia.com\/web\/wp-json\/wp\/v2\/posts"}],"about":[{"href":"https:\/\/987aldia.com\/web\/wp-json\/wp\/v2\/types\/post"}],"author":[{"embeddable":true,"href":"https:\/\/987aldia.com\/web\/wp-json\/wp\/v2\/users\/1"}],"replies":[{"embeddable":true,"href":"https:\/\/987aldia.com\/web\/wp-json\/wp\/v2\/comments?post=8877"}],"version-history":[{"count":0,"href":"https:\/\/987aldia.com\/web\/wp-json\/wp\/v2\/posts\/8877\/revisions"}],"wp:featuredmedia":[{"embeddable":true,"href":"https:\/\/987aldia.com\/web\/wp-json\/wp\/v2\/media\/8878"}],"wp:attachment":[{"href":"https:\/\/987aldia.com\/web\/wp-json\/wp\/v2\/media?parent=8877"}],"wp:term":[{"taxonomy":"category","embeddable":true,"href":"https:\/\/987aldia.com\/web\/wp-json\/wp\/v2\/categories?post=8877"},{"taxonomy":"post_tag","embeddable":true,"href":"https:\/\/987aldia.com\/web\/wp-json\/wp\/v2\/tags?post=8877"}],"curies":[{"name":"wp","href":"https:\/\/api.w.org\/{rel}","templated":true}]}}