{"id":8879,"date":"2025-08-27T04:08:34","date_gmt":"2025-08-27T02:08:34","guid":{"rendered":"https:\/\/987aldia.com\/web\/desbordamiento-del-rio-esla-provoca-la-perdida-de-terrenos-aledanos\/"},"modified":"2025-08-27T04:08:34","modified_gmt":"2025-08-27T02:08:34","slug":"desbordamiento-del-rio-esla-provoca-la-perdida-de-terrenos-aledanos","status":"publish","type":"post","link":"https:\/\/987aldia.com\/web\/desbordamiento-del-rio-esla-provoca-la-perdida-de-terrenos-aledanos\/","title":{"rendered":"Desbordamiento del r\u00edo Esla provoca la p\u00e9rdida de terrenos aleda\u00f1os."},"content":{"rendered":"<p>En la ribera del r\u00edo Esla, en la provincia de Le\u00f3n, la comunidad de Modino y Vidanes se encuentra unida por la lucha en defensa de sus tierras. El caudaloso r\u00edo, que ha sido testigo de generaciones enteras, ha ido perdiendo sus orillas debido a la extracci\u00f3n de agua para diversos fines agr\u00edcolas e industriales.<\/p>\n<p>Ante esta situaci\u00f3n, los habitantes de estos dos pueblos han decidido unir fuerzas para proteger la identidad de su territorio y conservar la riqueza natural que les rodea. La estrecha relaci\u00f3n que mantienen a trav\u00e9s del Esla se ha fortalecido a\u00fan m\u00e1s en este momento de adversidad, demostrando que la uni\u00f3n comunitaria es fundamental para enfrentar los desaf\u00edos medioambientales.<\/p>\n<p>La solidaridad y el compromiso de Modino y Vidanes han despertado la admiraci\u00f3n de otras localidades cercanas, que se han sumado a esta causa en defensa de sus r\u00edos y entornos naturales. La conciencia ambiental y la voluntad de preservar el patrimonio natural se han convertido en pilares fundamentales de esta lucha, que busca garantizar un futuro sostenible para las generaciones venideras.<\/p>\n<p>Mientras el Esla contin\u00faa perdiendo sus orillas, la uni\u00f3n de Modino y Vidanes se erige como un ejemplo inspirador de resistencia y colaboraci\u00f3n, record\u00e1ndonos la importancia de proteger y valorar nuestro entorno natural.<\/p>\n","protected":false},"excerpt":{"rendered":"<p>En la ribera del r\u00edo Esla, en la provincia de Le\u00f3n, la comunidad de Modino y Vidanes se encuentra unida por la lucha en defensa de sus tierras. El caudaloso r\u00edo, que ha sido testigo de generaciones enteras, ha ido perdiendo sus orillas debido a la extracci\u00f3n de agua para diversos fines agr\u00edcolas e industriales. [&hellip;]<\/p>\n","protected":false},"author":1,"featured_media":8880,"comment_status":"open","ping_status":"closed","sticky":false,"template":"","format":"standard","meta":{"_monsterinsights_skip_tracking":false,"_monsterinsights_sitenote_active":false,"_monsterinsights_sitenote_note":"","_monsterinsights_sitenote_category":0,"site-container-style":"default","site-container-layout":"default","site-sidebar-layout":"default","disable-article-header":"default","disable-site-header":"default","disable-site-footer":"default","disable-content-area-spacing":"default","_jetpack_memberships_contains_paid_content":false,"footnotes":"","jetpack_publicize_message":"","jetpack_publicize_feature_enabled":true,"jetpack_social_post_already_shared":true,"jetpack_social_options":{"image_generator_settings":{"template":"highway","default_image_id":0,"font":"","enabled":false},"version":2}},"categories":[1],"tags":[],"class_list":["post-8879","post","type-post","status-publish","format-standard","has-post-thumbnail","hentry","category-uncategorized"],"jetpack_publicize_connections":[],"jetpack_featured_media_url":"https:\/\/987aldia.com\/web\/wp-content\/uploads\/2025\/08\/68ae68a2c40a6.jpg","jetpack_sharing_enabled":true,"_links":{"self":[{"href":"https:\/\/987aldia.com\/web\/wp-json\/wp\/v2\/posts\/8879","targetHints":{"allow":["GET"]}}],"collection":[{"href":"https:\/\/987aldia.com\/web\/wp-json\/wp\/v2\/posts"}],"about":[{"href":"https:\/\/987aldia.com\/web\/wp-json\/wp\/v2\/types\/post"}],"author":[{"embeddable":true,"href":"https:\/\/987aldia.com\/web\/wp-json\/wp\/v2\/users\/1"}],"replies":[{"embeddable":true,"href":"https:\/\/987aldia.com\/web\/wp-json\/wp\/v2\/comments?post=8879"}],"version-history":[{"count":0,"href":"https:\/\/987aldia.com\/web\/wp-json\/wp\/v2\/posts\/8879\/revisions"}],"wp:featuredmedia":[{"embeddable":true,"href":"https:\/\/987aldia.com\/web\/wp-json\/wp\/v2\/media\/8880"}],"wp:attachment":[{"href":"https:\/\/987aldia.com\/web\/wp-json\/wp\/v2\/media?parent=8879"}],"wp:term":[{"taxonomy":"category","embeddable":true,"href":"https:\/\/987aldia.com\/web\/wp-json\/wp\/v2\/categories?post=8879"},{"taxonomy":"post_tag","embeddable":true,"href":"https:\/\/987aldia.com\/web\/wp-json\/wp\/v2\/tags?post=8879"}],"curies":[{"name":"wp","href":"https:\/\/api.w.org\/{rel}","templated":true}]}}