{"id":8881,"date":"2025-08-27T06:05:34","date_gmt":"2025-08-27T04:05:34","guid":{"rendered":"https:\/\/987aldia.com\/web\/colinas-y-espinosa-se-reunen-en-un-evento-literario-en-astorga\/"},"modified":"2025-08-27T06:05:34","modified_gmt":"2025-08-27T04:05:34","slug":"colinas-y-espinosa-se-reunen-en-un-evento-literario-en-astorga","status":"publish","type":"post","link":"https:\/\/987aldia.com\/web\/colinas-y-espinosa-se-reunen-en-un-evento-literario-en-astorga\/","title":{"rendered":"Colinas y Espinosa se re\u00fanen en un evento literario en Astorga"},"content":{"rendered":"<p>En un ambiente cargado de cultura y literatura, se llev\u00f3 a cabo un emocionante encuentro en la hist\u00f3rica ciudad de Astorga entre dos reconocidos escritores: Juan Colinas y Sara Espinosa. El evento literario congreg\u00f3 a amantes de las letras y seguidores de la obra de ambos autores, quienes compartieron sus experiencias, inspiraciones y procesos creativos.<\/p>\n<p>Juan Colinas, conocido por su prosa po\u00e9tica y su profundo lirismo, cautiv\u00f3 al p\u00fablico con lecturas de sus poemas m\u00e1s emblem\u00e1ticos, transportando a los presentes a paisajes emocionales llenos de belleza y melancol\u00eda. Por su parte, Sara Espinosa, autora de novelas aclamadas por la cr\u00edtica, comparti\u00f3 an\u00e9cdotas sobre la gestaci\u00f3n de sus historias y la importancia de la literatura como herramienta de reflexi\u00f3n y transformaci\u00f3n.<\/p>\n<p>El encuentro literario en Astorga se convirti\u00f3 en un espacio de di\u00e1logo y enriquecimiento mutuo, donde los asistentes tuvieron la oportunidad de interactuar con los escritores, hacer preguntas y sumergirse en el fascinante mundo de la creaci\u00f3n literaria. Sin duda, una velada inolvidable que dej\u00f3 una huella imborrable en el coraz\u00f3n de todos los presentes.<\/p>\n","protected":false},"excerpt":{"rendered":"<p>En un ambiente cargado de cultura y literatura, se llev\u00f3 a cabo un emocionante encuentro en la hist\u00f3rica ciudad de Astorga entre dos reconocidos escritores: Juan Colinas y Sara Espinosa. El evento literario congreg\u00f3 a amantes de las letras y seguidores de la obra de ambos autores, quienes compartieron sus experiencias, inspiraciones y procesos creativos. [&hellip;]<\/p>\n","protected":false},"author":1,"featured_media":8882,"comment_status":"open","ping_status":"closed","sticky":false,"template":"","format":"standard","meta":{"_monsterinsights_skip_tracking":false,"_monsterinsights_sitenote_active":false,"_monsterinsights_sitenote_note":"","_monsterinsights_sitenote_category":0,"site-container-style":"default","site-container-layout":"default","site-sidebar-layout":"default","disable-article-header":"default","disable-site-header":"default","disable-site-footer":"default","disable-content-area-spacing":"default","_jetpack_memberships_contains_paid_content":false,"footnotes":"","jetpack_publicize_message":"","jetpack_publicize_feature_enabled":true,"jetpack_social_post_already_shared":true,"jetpack_social_options":{"image_generator_settings":{"template":"highway","default_image_id":0,"font":"","enabled":false},"version":2}},"categories":[1],"tags":[],"class_list":["post-8881","post","type-post","status-publish","format-standard","has-post-thumbnail","hentry","category-uncategorized"],"jetpack_publicize_connections":[],"jetpack_featured_media_url":"https:\/\/987aldia.com\/web\/wp-content\/uploads\/2025\/08\/68ae840ea132a.jpg","jetpack_sharing_enabled":true,"_links":{"self":[{"href":"https:\/\/987aldia.com\/web\/wp-json\/wp\/v2\/posts\/8881","targetHints":{"allow":["GET"]}}],"collection":[{"href":"https:\/\/987aldia.com\/web\/wp-json\/wp\/v2\/posts"}],"about":[{"href":"https:\/\/987aldia.com\/web\/wp-json\/wp\/v2\/types\/post"}],"author":[{"embeddable":true,"href":"https:\/\/987aldia.com\/web\/wp-json\/wp\/v2\/users\/1"}],"replies":[{"embeddable":true,"href":"https:\/\/987aldia.com\/web\/wp-json\/wp\/v2\/comments?post=8881"}],"version-history":[{"count":0,"href":"https:\/\/987aldia.com\/web\/wp-json\/wp\/v2\/posts\/8881\/revisions"}],"wp:featuredmedia":[{"embeddable":true,"href":"https:\/\/987aldia.com\/web\/wp-json\/wp\/v2\/media\/8882"}],"wp:attachment":[{"href":"https:\/\/987aldia.com\/web\/wp-json\/wp\/v2\/media?parent=8881"}],"wp:term":[{"taxonomy":"category","embeddable":true,"href":"https:\/\/987aldia.com\/web\/wp-json\/wp\/v2\/categories?post=8881"},{"taxonomy":"post_tag","embeddable":true,"href":"https:\/\/987aldia.com\/web\/wp-json\/wp\/v2\/tags?post=8881"}],"curies":[{"name":"wp","href":"https:\/\/api.w.org\/{rel}","templated":true}]}}