{"id":8885,"date":"2025-08-27T10:05:39","date_gmt":"2025-08-27T08:05:39","guid":{"rendered":"https:\/\/987aldia.com\/web\/fasgar-y-anllares-del-sil-una-odisea-de-19-dias\/"},"modified":"2025-08-27T10:05:39","modified_gmt":"2025-08-27T08:05:39","slug":"fasgar-y-anllares-del-sil-una-odisea-de-19-dias","status":"publish","type":"post","link":"https:\/\/987aldia.com\/web\/fasgar-y-anllares-del-sil-una-odisea-de-19-dias\/","title":{"rendered":"Fasgar y Anllares del Sil: Una odisea de 19 d\u00edas"},"content":{"rendered":"<p>Desde el 8 de agosto, los municipios de Fasgar y Anllares del Sil han estado bajo el asedio de las llamas, enfrentando 19 d\u00edas de un verdadero infierno. Estos dos pueblos han sido escenario de dos de los seis incendios de nivel 2 de gravedad, el m\u00e1ximo contemplado en los protocolos de emergencia de la regi\u00f3n de Castilla y Le\u00f3n.<\/p>\n<p>Los equipos de emergencia y bomberos han trabajado incansablemente para contener el avance de las llamas que han consumido vastas extensiones de terreno, amenazando la vida y los recursos de los habitantes de la zona. Las im\u00e1genes desgarradoras de bosques en llamas y casas consumidas por el fuego han estremecido a la poblaci\u00f3n local, que ha vivido con el temor constante de perderlo todo en cuesti\u00f3n de minutos.<\/p>\n<p>A pesar de los esfuerzos de las autoridades y los equipos de rescate, los incendios contin\u00faan activos, desafiando la capacidad de respuesta de los equipos de emergencia y poniendo a prueba la resistencia de los habitantes de Fasgar y Anllares del Sil. La solidaridad y la valent\u00eda de la comunidad se han hecho evidentes en medio de la tragedia, con vecinos unidos para proteger sus hogares y sus tierras de la voracidad de las llamas.<\/p>\n<p>Mientras la lucha contra el fuego contin\u00faa, las autoridades hacen un llamado a la poblaci\u00f3n a mantenerse informada y seguir las indicaciones de seguridad para prevenir nuevas tragedias. El desaf\u00edo de contener estos incendios de nivel 2 representa una prueba de fuego para la capacidad de respuesta y coordinaci\u00f3n de los servicios de emergencia, as\u00ed como un recordatorio de la fragilidad de nuestros ecosistemas frente al poder destructivo del fuego.<\/p>\n","protected":false},"excerpt":{"rendered":"<p>Desde el 8 de agosto, los municipios de Fasgar y Anllares del Sil han estado bajo el asedio de las llamas, enfrentando 19 d\u00edas de un verdadero infierno. Estos dos pueblos han sido escenario de dos de los seis incendios de nivel 2 de gravedad, el m\u00e1ximo contemplado en los protocolos de emergencia de la [&hellip;]<\/p>\n","protected":false},"author":1,"featured_media":8886,"comment_status":"open","ping_status":"closed","sticky":false,"template":"","format":"standard","meta":{"_monsterinsights_skip_tracking":false,"_monsterinsights_sitenote_active":false,"_monsterinsights_sitenote_note":"","_monsterinsights_sitenote_category":0,"site-container-style":"default","site-container-layout":"default","site-sidebar-layout":"default","disable-article-header":"default","disable-site-header":"default","disable-site-footer":"default","disable-content-area-spacing":"default","_jetpack_memberships_contains_paid_content":false,"footnotes":"","jetpack_publicize_message":"","jetpack_publicize_feature_enabled":true,"jetpack_social_post_already_shared":true,"jetpack_social_options":{"image_generator_settings":{"template":"highway","default_image_id":0,"font":"","enabled":false},"version":2}},"categories":[1],"tags":[],"class_list":["post-8885","post","type-post","status-publish","format-standard","has-post-thumbnail","hentry","category-uncategorized"],"jetpack_publicize_connections":[],"jetpack_featured_media_url":"https:\/\/987aldia.com\/web\/wp-content\/uploads\/2025\/08\/68aebc5339c7c.jpg","jetpack_sharing_enabled":true,"_links":{"self":[{"href":"https:\/\/987aldia.com\/web\/wp-json\/wp\/v2\/posts\/8885","targetHints":{"allow":["GET"]}}],"collection":[{"href":"https:\/\/987aldia.com\/web\/wp-json\/wp\/v2\/posts"}],"about":[{"href":"https:\/\/987aldia.com\/web\/wp-json\/wp\/v2\/types\/post"}],"author":[{"embeddable":true,"href":"https:\/\/987aldia.com\/web\/wp-json\/wp\/v2\/users\/1"}],"replies":[{"embeddable":true,"href":"https:\/\/987aldia.com\/web\/wp-json\/wp\/v2\/comments?post=8885"}],"version-history":[{"count":0,"href":"https:\/\/987aldia.com\/web\/wp-json\/wp\/v2\/posts\/8885\/revisions"}],"wp:featuredmedia":[{"embeddable":true,"href":"https:\/\/987aldia.com\/web\/wp-json\/wp\/v2\/media\/8886"}],"wp:attachment":[{"href":"https:\/\/987aldia.com\/web\/wp-json\/wp\/v2\/media?parent=8885"}],"wp:term":[{"taxonomy":"category","embeddable":true,"href":"https:\/\/987aldia.com\/web\/wp-json\/wp\/v2\/categories?post=8885"},{"taxonomy":"post_tag","embeddable":true,"href":"https:\/\/987aldia.com\/web\/wp-json\/wp\/v2\/tags?post=8885"}],"curies":[{"name":"wp","href":"https:\/\/api.w.org\/{rel}","templated":true}]}}