{"id":8897,"date":"2025-08-28T02:06:07","date_gmt":"2025-08-28T00:06:07","guid":{"rendered":"https:\/\/987aldia.com\/web\/presentacion-de-pelicula-sobre-la-procesion-del-nazareno-en-roma-por-la-8-leon-y-el-dulce-nombre\/"},"modified":"2025-08-28T02:06:07","modified_gmt":"2025-08-28T00:06:07","slug":"presentacion-de-pelicula-sobre-la-procesion-del-nazareno-en-roma-por-la-8-leon-y-el-dulce-nombre","status":"publish","type":"post","link":"https:\/\/987aldia.com\/web\/presentacion-de-pelicula-sobre-la-procesion-del-nazareno-en-roma-por-la-8-leon-y-el-dulce-nombre\/","title":{"rendered":"Presentaci\u00f3n de pel\u00edcula sobre la procesi\u00f3n del Nazareno en Roma por La 8 Le\u00f3n y el Dulce Nombre"},"content":{"rendered":"<p>La sala de cine de La 8 Le\u00f3n y el Dulce Nombre se vistieron de gala para presentar una pel\u00edcula \u00fanica sobre la procesi\u00f3n del Nazareno en Roma. La proyecci\u00f3n, que tuvo lugar en el Auditorio de Le\u00f3n el pasado lunes 8 de septiembre, no solo cautiv\u00f3 a los asistentes con im\u00e1genes impresionantes, sino que tambi\u00e9n tuvo un prop\u00f3sito solidario.<\/p>\n<p>Y es que la recaudaci\u00f3n obtenida durante la proyecci\u00f3n de esta emotiva pel\u00edcula se destinar\u00e1 a los damnificados por los incendios que han devastado la regi\u00f3n en los \u00faltimos d\u00edas. Una iniciativa que demuestra una vez m\u00e1s la solidaridad y empat\u00eda de la comunidad, que se une en momentos dif\u00edciles para brindar apoyo a quienes m\u00e1s lo necesitan.<\/p>\n<p>La asistencia masiva al evento y el ambiente de uni\u00f3n y generosidad que se vivi\u00f3 en el Auditorio de Le\u00f3n son un claro ejemplo de que la solidaridad sigue presente en nuestra sociedad, mostrando que juntos podemos superar cualquier adversidad. Sin duda, una noche inolvidable que quedar\u00e1 en la memoria de todos los presentes, tanto por la belleza de la pel\u00edcula como por la noble causa a la que se destinaron los fondos recaudados.<\/p>\n","protected":false},"excerpt":{"rendered":"<p>La sala de cine de La 8 Le\u00f3n y el Dulce Nombre se vistieron de gala para presentar una pel\u00edcula \u00fanica sobre la procesi\u00f3n del Nazareno en Roma. La proyecci\u00f3n, que tuvo lugar en el Auditorio de Le\u00f3n el pasado lunes 8 de septiembre, no solo cautiv\u00f3 a los asistentes con im\u00e1genes impresionantes, sino que [&hellip;]<\/p>\n","protected":false},"author":1,"featured_media":8898,"comment_status":"open","ping_status":"closed","sticky":false,"template":"","format":"standard","meta":{"_monsterinsights_skip_tracking":false,"_monsterinsights_sitenote_active":false,"_monsterinsights_sitenote_note":"","_monsterinsights_sitenote_category":0,"site-container-style":"default","site-container-layout":"default","site-sidebar-layout":"default","disable-article-header":"default","disable-site-header":"default","disable-site-footer":"default","disable-content-area-spacing":"default","_jetpack_memberships_contains_paid_content":false,"footnotes":"","jetpack_publicize_message":"","jetpack_publicize_feature_enabled":true,"jetpack_social_post_already_shared":true,"jetpack_social_options":{"image_generator_settings":{"template":"highway","default_image_id":0,"font":"","enabled":false},"version":2}},"categories":[1],"tags":[],"class_list":["post-8897","post","type-post","status-publish","format-standard","has-post-thumbnail","hentry","category-uncategorized"],"jetpack_publicize_connections":[],"jetpack_featured_media_url":"https:\/\/987aldia.com\/web\/wp-content\/uploads\/2025\/08\/68af9d6f44b2a.jpg","jetpack_sharing_enabled":true,"_links":{"self":[{"href":"https:\/\/987aldia.com\/web\/wp-json\/wp\/v2\/posts\/8897","targetHints":{"allow":["GET"]}}],"collection":[{"href":"https:\/\/987aldia.com\/web\/wp-json\/wp\/v2\/posts"}],"about":[{"href":"https:\/\/987aldia.com\/web\/wp-json\/wp\/v2\/types\/post"}],"author":[{"embeddable":true,"href":"https:\/\/987aldia.com\/web\/wp-json\/wp\/v2\/users\/1"}],"replies":[{"embeddable":true,"href":"https:\/\/987aldia.com\/web\/wp-json\/wp\/v2\/comments?post=8897"}],"version-history":[{"count":0,"href":"https:\/\/987aldia.com\/web\/wp-json\/wp\/v2\/posts\/8897\/revisions"}],"wp:featuredmedia":[{"embeddable":true,"href":"https:\/\/987aldia.com\/web\/wp-json\/wp\/v2\/media\/8898"}],"wp:attachment":[{"href":"https:\/\/987aldia.com\/web\/wp-json\/wp\/v2\/media?parent=8897"}],"wp:term":[{"taxonomy":"category","embeddable":true,"href":"https:\/\/987aldia.com\/web\/wp-json\/wp\/v2\/categories?post=8897"},{"taxonomy":"post_tag","embeddable":true,"href":"https:\/\/987aldia.com\/web\/wp-json\/wp\/v2\/tags?post=8897"}],"curies":[{"name":"wp","href":"https:\/\/api.w.org\/{rel}","templated":true}]}}