{"id":8901,"date":"2025-08-28T06:05:44","date_gmt":"2025-08-28T04:05:44","guid":{"rendered":"https:\/\/987aldia.com\/web\/el-mercado-tradicional-regresa-a-la-plaza-mayor-de-leon-ya-tenemos-la-fecha-definitiva\/"},"modified":"2025-08-28T06:05:44","modified_gmt":"2025-08-28T04:05:44","slug":"el-mercado-tradicional-regresa-a-la-plaza-mayor-de-leon-ya-tenemos-la-fecha-definitiva","status":"publish","type":"post","link":"https:\/\/987aldia.com\/web\/el-mercado-tradicional-regresa-a-la-plaza-mayor-de-leon-ya-tenemos-la-fecha-definitiva\/","title":{"rendered":"El mercado tradicional regresa a la plaza Mayor de Le\u00f3n: \u00a1Ya tenemos la fecha definitiva!"},"content":{"rendered":"<p>Tras varios meses de espera, los vecinos de Le\u00f3n podr\u00e1n disfrutar nuevamente del tradicional mercado que se instala en la emblem\u00e1tica plaza Mayor de la ciudad. La espera ha llegado a su fin, ya que se ha confirmado la fecha para su regreso, generando gran expectaci\u00f3n entre los leoneses. <\/p>\n<p>Este mercado, que es parte fundamental de la vida y la cultura local, brinda a los habitantes la oportunidad de adquirir productos frescos y artesan\u00edas de la regi\u00f3n, adem\u00e1s de fomentar el comercio de proximidad. La plaza Mayor, con su encanto y belleza caracter\u00edstica, se transforma en un punto de encuentro para vecinos y visitantes, generando un ambiente \u00fanico y lleno de vida.<\/p>\n<p>La noticia ha sido recibida con entusiasmo por parte de los comerciantes y artesanos locales, quienes ven en la vuelta del mercado una oportunidad para reactivar sus negocios tras un periodo de incertidumbre debido a la pandemia. Sin duda, este regreso marcar\u00e1 un hito en la recuperaci\u00f3n econ\u00f3mica y social de la ciudad de Le\u00f3n.<\/p>\n<p>As\u00ed, la plaza Mayor se prepara para volver a ser el epicentro de la actividad comercial y cultural de la ciudad, recordando a todos la importancia de apoyar a los peque\u00f1os comerciantes y valorar nuestras tradiciones locales. \u00a1Que vuelva el mercado a la plaza Mayor de Le\u00f3n, que la vida regrese a sus calles y que la alegr\u00eda se apodere una vez m\u00e1s de este emblem\u00e1tico lugar!<\/p>\n","protected":false},"excerpt":{"rendered":"<p>Tras varios meses de espera, los vecinos de Le\u00f3n podr\u00e1n disfrutar nuevamente del tradicional mercado que se instala en la emblem\u00e1tica plaza Mayor de la ciudad. La espera ha llegado a su fin, ya que se ha confirmado la fecha para su regreso, generando gran expectaci\u00f3n entre los leoneses. Este mercado, que es parte fundamental [&hellip;]<\/p>\n","protected":false},"author":1,"featured_media":8902,"comment_status":"open","ping_status":"closed","sticky":false,"template":"","format":"standard","meta":{"_monsterinsights_skip_tracking":false,"_monsterinsights_sitenote_active":false,"_monsterinsights_sitenote_note":"","_monsterinsights_sitenote_category":0,"site-container-style":"default","site-container-layout":"default","site-sidebar-layout":"default","disable-article-header":"default","disable-site-header":"default","disable-site-footer":"default","disable-content-area-spacing":"default","_jetpack_memberships_contains_paid_content":false,"footnotes":"","jetpack_publicize_message":"","jetpack_publicize_feature_enabled":true,"jetpack_social_post_already_shared":true,"jetpack_social_options":{"image_generator_settings":{"template":"highway","default_image_id":0,"font":"","enabled":false},"version":2}},"categories":[1],"tags":[],"class_list":["post-8901","post","type-post","status-publish","format-standard","has-post-thumbnail","hentry","category-uncategorized"],"jetpack_publicize_connections":[],"jetpack_featured_media_url":"https:\/\/987aldia.com\/web\/wp-content\/uploads\/2025\/08\/68afd598d71d0.jpg","jetpack_sharing_enabled":true,"_links":{"self":[{"href":"https:\/\/987aldia.com\/web\/wp-json\/wp\/v2\/posts\/8901","targetHints":{"allow":["GET"]}}],"collection":[{"href":"https:\/\/987aldia.com\/web\/wp-json\/wp\/v2\/posts"}],"about":[{"href":"https:\/\/987aldia.com\/web\/wp-json\/wp\/v2\/types\/post"}],"author":[{"embeddable":true,"href":"https:\/\/987aldia.com\/web\/wp-json\/wp\/v2\/users\/1"}],"replies":[{"embeddable":true,"href":"https:\/\/987aldia.com\/web\/wp-json\/wp\/v2\/comments?post=8901"}],"version-history":[{"count":0,"href":"https:\/\/987aldia.com\/web\/wp-json\/wp\/v2\/posts\/8901\/revisions"}],"wp:featuredmedia":[{"embeddable":true,"href":"https:\/\/987aldia.com\/web\/wp-json\/wp\/v2\/media\/8902"}],"wp:attachment":[{"href":"https:\/\/987aldia.com\/web\/wp-json\/wp\/v2\/media?parent=8901"}],"wp:term":[{"taxonomy":"category","embeddable":true,"href":"https:\/\/987aldia.com\/web\/wp-json\/wp\/v2\/categories?post=8901"},{"taxonomy":"post_tag","embeddable":true,"href":"https:\/\/987aldia.com\/web\/wp-json\/wp\/v2\/tags?post=8901"}],"curies":[{"name":"wp","href":"https:\/\/api.w.org\/{rel}","templated":true}]}}