{"id":8911,"date":"2025-08-28T16:05:33","date_gmt":"2025-08-28T14:05:33","guid":{"rendered":"https:\/\/987aldia.com\/web\/san-andres-del-rabanedo-celebra-la-graduacion-de-los-alumnos-de-los-programas-mixtos-de-formacion-y-empleo\/"},"modified":"2025-08-28T16:05:33","modified_gmt":"2025-08-28T14:05:33","slug":"san-andres-del-rabanedo-celebra-la-graduacion-de-los-alumnos-de-los-programas-mixtos-de-formacion-y-empleo","status":"publish","type":"post","link":"https:\/\/987aldia.com\/web\/san-andres-del-rabanedo-celebra-la-graduacion-de-los-alumnos-de-los-programas-mixtos-de-formacion-y-empleo\/","title":{"rendered":"San Andr\u00e9s del Rabanedo celebra la graduaci\u00f3n de los alumnos de los Programas Mixtos de Formaci\u00f3n y Empleo"},"content":{"rendered":"<p>En un acto solemne y lleno de emoci\u00f3n, el municipio de San Andr\u00e9s del Rabanedo ha celebrado la graduaci\u00f3n de los alumnos de los Programas Mixtos de Formaci\u00f3n y Empleo. Entre aplausos y muestras de orgullo, se reconoci\u00f3 el esfuerzo y dedicaci\u00f3n de estos j\u00f3venes que han culminado con \u00e9xito su formaci\u00f3n.<\/p>\n<p>Uno de los programas destacados ha sido el de Limpieza, en el cual diez alumnos se han formado y especializado en este sector. El resultado ha sido altamente satisfactorio, ya que seis de los participantes lograron conseguir empleo al finalizar el programa. Un logro que no solo beneficia a los alumnos, sino que tambi\u00e9n contribuye al desarrollo econ\u00f3mico y social de la localidad.<\/p>\n<p>Este \u00e9xito refleja el compromiso y la eficacia de los Programas Mixtos de Formaci\u00f3n y Empleo como herramienta para la inserci\u00f3n laboral de j\u00f3venes y personas en situaci\u00f3n de desempleo. San Andr\u00e9s del Rabanedo se consolida as\u00ed como un referente en la promoci\u00f3n de la formaci\u00f3n y el empleo, apostando por la capacitaci\u00f3n de sus ciudadanos y el impulso de la econom\u00eda local.<\/p>\n","protected":false},"excerpt":{"rendered":"<p>En un acto solemne y lleno de emoci\u00f3n, el municipio de San Andr\u00e9s del Rabanedo ha celebrado la graduaci\u00f3n de los alumnos de los Programas Mixtos de Formaci\u00f3n y Empleo. Entre aplausos y muestras de orgullo, se reconoci\u00f3 el esfuerzo y dedicaci\u00f3n de estos j\u00f3venes que han culminado con \u00e9xito su formaci\u00f3n. Uno de los [&hellip;]<\/p>\n","protected":false},"author":1,"featured_media":8912,"comment_status":"open","ping_status":"closed","sticky":false,"template":"","format":"standard","meta":{"_monsterinsights_skip_tracking":false,"_monsterinsights_sitenote_active":false,"_monsterinsights_sitenote_note":"","_monsterinsights_sitenote_category":0,"site-container-style":"default","site-container-layout":"default","site-sidebar-layout":"default","disable-article-header":"default","disable-site-header":"default","disable-site-footer":"default","disable-content-area-spacing":"default","_jetpack_memberships_contains_paid_content":false,"footnotes":"","jetpack_publicize_message":"","jetpack_publicize_feature_enabled":true,"jetpack_social_post_already_shared":true,"jetpack_social_options":{"image_generator_settings":{"template":"highway","default_image_id":0,"font":"","enabled":false},"version":2}},"categories":[1],"tags":[],"class_list":["post-8911","post","type-post","status-publish","format-standard","has-post-thumbnail","hentry","category-uncategorized"],"jetpack_publicize_connections":[],"jetpack_featured_media_url":"https:\/\/987aldia.com\/web\/wp-content\/uploads\/2025\/08\/68b0622dafe02.jpg","jetpack_sharing_enabled":true,"_links":{"self":[{"href":"https:\/\/987aldia.com\/web\/wp-json\/wp\/v2\/posts\/8911","targetHints":{"allow":["GET"]}}],"collection":[{"href":"https:\/\/987aldia.com\/web\/wp-json\/wp\/v2\/posts"}],"about":[{"href":"https:\/\/987aldia.com\/web\/wp-json\/wp\/v2\/types\/post"}],"author":[{"embeddable":true,"href":"https:\/\/987aldia.com\/web\/wp-json\/wp\/v2\/users\/1"}],"replies":[{"embeddable":true,"href":"https:\/\/987aldia.com\/web\/wp-json\/wp\/v2\/comments?post=8911"}],"version-history":[{"count":0,"href":"https:\/\/987aldia.com\/web\/wp-json\/wp\/v2\/posts\/8911\/revisions"}],"wp:featuredmedia":[{"embeddable":true,"href":"https:\/\/987aldia.com\/web\/wp-json\/wp\/v2\/media\/8912"}],"wp:attachment":[{"href":"https:\/\/987aldia.com\/web\/wp-json\/wp\/v2\/media?parent=8911"}],"wp:term":[{"taxonomy":"category","embeddable":true,"href":"https:\/\/987aldia.com\/web\/wp-json\/wp\/v2\/categories?post=8911"},{"taxonomy":"post_tag","embeddable":true,"href":"https:\/\/987aldia.com\/web\/wp-json\/wp\/v2\/tags?post=8911"}],"curies":[{"name":"wp","href":"https:\/\/api.w.org\/{rel}","templated":true}]}}