{"id":8915,"date":"2025-08-29T02:05:33","date_gmt":"2025-08-29T00:05:33","guid":{"rendered":"https:\/\/987aldia.com\/web\/berlanga-del-bierzo-es-evacuada-de-urgencia-por-motivos-de-seguridad\/"},"modified":"2025-08-29T02:05:33","modified_gmt":"2025-08-29T00:05:33","slug":"berlanga-del-bierzo-es-evacuada-de-urgencia-por-motivos-de-seguridad","status":"publish","type":"post","link":"https:\/\/987aldia.com\/web\/berlanga-del-bierzo-es-evacuada-de-urgencia-por-motivos-de-seguridad\/","title":{"rendered":"Berlanga del Bierzo es evacuada de urgencia por motivos de seguridad"},"content":{"rendered":"<p>En un operativo de emergencia sin precedentes, las autoridades han logrado realojar a la totalidad de la poblaci\u00f3n de Berlanga del Bierzo, ante la inminente amenaza de incendios forestales que azotan la regi\u00f3n. El fuego, que ha cobrado fuerza en distintos puntos del Bierzo, ha llegado a situarse a escasos metros de esta localidad, poniendo en riesgo la vida de sus habitantes.<\/p>\n<p>El despliegue de los equipos de extinci\u00f3n ha sido crucial para contener las llamas y permitir la evacuaci\u00f3n ordenada de los vecinos, quienes han tenido que abandonar sus hogares en medio de una situaci\u00f3n de extrema urgencia. El incendio, que se ha propagado r\u00e1pidamente debido a las condiciones clim\u00e1ticas adversas, ha generado una gran preocupaci\u00f3n en la comunidad, que observa con angustia la devastaci\u00f3n que deja a su paso.<\/p>\n<p>Las autoridades contin\u00faan trabajando incansablemente para sofocar el fuego y proteger las zonas afectadas, mientras que los habitantes de Berlanga del Bierzo permanecen a la espera de poder regresar a sus hogares y evaluar los da\u00f1os causados por este desastre natural. La solidaridad y el apoyo mutuo se han convertido en pilares fundamentales en medio de esta crisis, demostrando una vez m\u00e1s la fortaleza y la uni\u00f3n de una comunidad frente a la adversidad.<\/p>\n","protected":false},"excerpt":{"rendered":"<p>En un operativo de emergencia sin precedentes, las autoridades han logrado realojar a la totalidad de la poblaci\u00f3n de Berlanga del Bierzo, ante la inminente amenaza de incendios forestales que azotan la regi\u00f3n. El fuego, que ha cobrado fuerza en distintos puntos del Bierzo, ha llegado a situarse a escasos metros de esta localidad, poniendo [&hellip;]<\/p>\n","protected":false},"author":1,"featured_media":8916,"comment_status":"open","ping_status":"closed","sticky":false,"template":"","format":"standard","meta":{"_monsterinsights_skip_tracking":false,"_monsterinsights_sitenote_active":false,"_monsterinsights_sitenote_note":"","_monsterinsights_sitenote_category":0,"site-container-style":"default","site-container-layout":"default","site-sidebar-layout":"default","disable-article-header":"default","disable-site-header":"default","disable-site-footer":"default","disable-content-area-spacing":"default","_jetpack_memberships_contains_paid_content":false,"footnotes":"","jetpack_publicize_message":"","jetpack_publicize_feature_enabled":true,"jetpack_social_post_already_shared":true,"jetpack_social_options":{"image_generator_settings":{"template":"highway","default_image_id":0,"font":"","enabled":false},"version":2}},"categories":[1],"tags":[],"class_list":["post-8915","post","type-post","status-publish","format-standard","has-post-thumbnail","hentry","category-uncategorized"],"jetpack_publicize_connections":[],"jetpack_featured_media_url":"https:\/\/987aldia.com\/web\/wp-content\/uploads\/2025\/08\/68b0eecd3aa39.jpg","jetpack_sharing_enabled":true,"_links":{"self":[{"href":"https:\/\/987aldia.com\/web\/wp-json\/wp\/v2\/posts\/8915","targetHints":{"allow":["GET"]}}],"collection":[{"href":"https:\/\/987aldia.com\/web\/wp-json\/wp\/v2\/posts"}],"about":[{"href":"https:\/\/987aldia.com\/web\/wp-json\/wp\/v2\/types\/post"}],"author":[{"embeddable":true,"href":"https:\/\/987aldia.com\/web\/wp-json\/wp\/v2\/users\/1"}],"replies":[{"embeddable":true,"href":"https:\/\/987aldia.com\/web\/wp-json\/wp\/v2\/comments?post=8915"}],"version-history":[{"count":0,"href":"https:\/\/987aldia.com\/web\/wp-json\/wp\/v2\/posts\/8915\/revisions"}],"wp:featuredmedia":[{"embeddable":true,"href":"https:\/\/987aldia.com\/web\/wp-json\/wp\/v2\/media\/8916"}],"wp:attachment":[{"href":"https:\/\/987aldia.com\/web\/wp-json\/wp\/v2\/media?parent=8915"}],"wp:term":[{"taxonomy":"category","embeddable":true,"href":"https:\/\/987aldia.com\/web\/wp-json\/wp\/v2\/categories?post=8915"},{"taxonomy":"post_tag","embeddable":true,"href":"https:\/\/987aldia.com\/web\/wp-json\/wp\/v2\/tags?post=8915"}],"curies":[{"name":"wp","href":"https:\/\/api.w.org\/{rel}","templated":true}]}}