{"id":8919,"date":"2025-08-29T06:06:10","date_gmt":"2025-08-29T04:06:10","guid":{"rendered":"https:\/\/987aldia.com\/web\/ceip-pinera-de-vega-de-espinareda-divide-los-dos-primeros-cursos-de-la-eso-decision-confirmada-por-educacion\/"},"modified":"2025-08-29T06:06:10","modified_gmt":"2025-08-29T04:06:10","slug":"ceip-pinera-de-vega-de-espinareda-divide-los-dos-primeros-cursos-de-la-eso-decision-confirmada-por-educacion","status":"publish","type":"post","link":"https:\/\/987aldia.com\/web\/ceip-pinera-de-vega-de-espinareda-divide-los-dos-primeros-cursos-de-la-eso-decision-confirmada-por-educacion\/","title":{"rendered":"\u00abCEIP Pi\u00f1era de Vega de Espinareda divide los dos primeros cursos de la ESO, decisi\u00f3n confirmada por Educaci\u00f3n\u00bb"},"content":{"rendered":"<p>El Ministerio de Educaci\u00f3n ha confirmado la decisi\u00f3n de separar los dos primeros cursos de la Educaci\u00f3n Secundaria Obligatoria (ESO) en el Centro de Educaci\u00f3n Infantil y Primaria (CEIP) Pi\u00f1era de Vega de Espinareda. Tras una reuni\u00f3n de autoridades educativas, se ha acordado mantener la divisi\u00f3n de los cursos, a pesar de las diferencias de opiniones que esta medida ha generado en la comunidad educativa.<\/p>\n<p>La separaci\u00f3n de los cursos ha sido motivo de debate entre padres, profesores y alumnos del centro, sin embargo, la decisi\u00f3n final ha sido respaldada por el Ministerio de Educaci\u00f3n. Esta medida responde a la necesidad de adaptar el sistema educativo a las nuevas demandas y retos que enfrenta la ense\u00f1anza en la actualidad.<\/p>\n<p>Aunque algunos sectores han expresado su descontento ante esta determinaci\u00f3n, las autoridades educativas han destacado que la separaci\u00f3n de los cursos busca mejorar la calidad de la educaci\u00f3n y garantizar un ambiente de aprendizaje m\u00e1s adecuado para los estudiantes. Se espera que esta medida contribuya al desarrollo acad\u00e9mico y personal de los alumnos del CEIP Pi\u00f1era de Vega de Espinareda.<\/p>\n","protected":false},"excerpt":{"rendered":"<p>El Ministerio de Educaci\u00f3n ha confirmado la decisi\u00f3n de separar los dos primeros cursos de la Educaci\u00f3n Secundaria Obligatoria (ESO) en el Centro de Educaci\u00f3n Infantil y Primaria (CEIP) Pi\u00f1era de Vega de Espinareda. Tras una reuni\u00f3n de autoridades educativas, se ha acordado mantener la divisi\u00f3n de los cursos, a pesar de las diferencias de [&hellip;]<\/p>\n","protected":false},"author":1,"featured_media":8920,"comment_status":"open","ping_status":"closed","sticky":false,"template":"","format":"standard","meta":{"_monsterinsights_skip_tracking":false,"_monsterinsights_sitenote_active":false,"_monsterinsights_sitenote_note":"","_monsterinsights_sitenote_category":0,"site-container-style":"default","site-container-layout":"default","site-sidebar-layout":"default","disable-article-header":"default","disable-site-header":"default","disable-site-footer":"default","disable-content-area-spacing":"default","_jetpack_memberships_contains_paid_content":false,"footnotes":"","jetpack_publicize_message":"","jetpack_publicize_feature_enabled":true,"jetpack_social_post_already_shared":true,"jetpack_social_options":{"image_generator_settings":{"template":"highway","default_image_id":0,"font":"","enabled":false},"version":2}},"categories":[1],"tags":[],"class_list":["post-8919","post","type-post","status-publish","format-standard","has-post-thumbnail","hentry","category-uncategorized"],"jetpack_publicize_connections":[],"jetpack_featured_media_url":"https:\/\/987aldia.com\/web\/wp-content\/uploads\/2025\/08\/68b127321b7cc.jpg","jetpack_sharing_enabled":true,"_links":{"self":[{"href":"https:\/\/987aldia.com\/web\/wp-json\/wp\/v2\/posts\/8919","targetHints":{"allow":["GET"]}}],"collection":[{"href":"https:\/\/987aldia.com\/web\/wp-json\/wp\/v2\/posts"}],"about":[{"href":"https:\/\/987aldia.com\/web\/wp-json\/wp\/v2\/types\/post"}],"author":[{"embeddable":true,"href":"https:\/\/987aldia.com\/web\/wp-json\/wp\/v2\/users\/1"}],"replies":[{"embeddable":true,"href":"https:\/\/987aldia.com\/web\/wp-json\/wp\/v2\/comments?post=8919"}],"version-history":[{"count":0,"href":"https:\/\/987aldia.com\/web\/wp-json\/wp\/v2\/posts\/8919\/revisions"}],"wp:featuredmedia":[{"embeddable":true,"href":"https:\/\/987aldia.com\/web\/wp-json\/wp\/v2\/media\/8920"}],"wp:attachment":[{"href":"https:\/\/987aldia.com\/web\/wp-json\/wp\/v2\/media?parent=8919"}],"wp:term":[{"taxonomy":"category","embeddable":true,"href":"https:\/\/987aldia.com\/web\/wp-json\/wp\/v2\/categories?post=8919"},{"taxonomy":"post_tag","embeddable":true,"href":"https:\/\/987aldia.com\/web\/wp-json\/wp\/v2\/tags?post=8919"}],"curies":[{"name":"wp","href":"https:\/\/api.w.org\/{rel}","templated":true}]}}