{"id":8927,"date":"2025-08-29T14:05:39","date_gmt":"2025-08-29T12:05:39","guid":{"rendered":"https:\/\/987aldia.com\/web\/detenido-por-incendio-en-berlanga-del-bierzo-sera-evaluado-por-psiquiatria-judicial\/"},"modified":"2025-08-29T14:05:39","modified_gmt":"2025-08-29T12:05:39","slug":"detenido-por-incendio-en-berlanga-del-bierzo-sera-evaluado-por-psiquiatria-judicial","status":"publish","type":"post","link":"https:\/\/987aldia.com\/web\/detenido-por-incendio-en-berlanga-del-bierzo-sera-evaluado-por-psiquiatria-judicial\/","title":{"rendered":"Detenido por incendio en Berlanga del Bierzo ser\u00e1 evaluado por psiquiatr\u00eda judicial."},"content":{"rendered":"<p>En un giro inesperado en el caso del incendio en Berlanga del Bierzo, el juez a cargo de la investigaci\u00f3n ha decidido enviar al detenido a evaluaci\u00f3n psiqui\u00e1trica. El joven, quien est\u00e1 siendo investigado por un presunto delito de incendio forestal, ser\u00e1 sometido a pruebas para determinar su estado mental y su capacidad de discernimiento en relaci\u00f3n con los hechos ocurridos.<\/p>\n<p>Este paso ha generado sorpresa entre los vecinos de la zona, quienes se mantienen atentos a los avances de la investigaci\u00f3n. El incendio en Berlanga del Bierzo caus\u00f3 gran preocupaci\u00f3n en la comunidad local, no solo por los da\u00f1os materiales y ambientales, sino tambi\u00e9n por las posibles implicaciones legales que podr\u00edan derivarse de este acto.<\/p>\n<p>Mientras tanto, las autoridades contin\u00faan recabando pruebas y testimonios para esclarecer lo sucedido y determinar la responsabilidad del detenido en este lamentable suceso que ha dejado una huella imborrable en la regi\u00f3n.<\/p>\n","protected":false},"excerpt":{"rendered":"<p>En un giro inesperado en el caso del incendio en Berlanga del Bierzo, el juez a cargo de la investigaci\u00f3n ha decidido enviar al detenido a evaluaci\u00f3n psiqui\u00e1trica. El joven, quien est\u00e1 siendo investigado por un presunto delito de incendio forestal, ser\u00e1 sometido a pruebas para determinar su estado mental y su capacidad de discernimiento [&hellip;]<\/p>\n","protected":false},"author":1,"featured_media":8928,"comment_status":"open","ping_status":"closed","sticky":false,"template":"","format":"standard","meta":{"_monsterinsights_skip_tracking":false,"_monsterinsights_sitenote_active":false,"_monsterinsights_sitenote_note":"","_monsterinsights_sitenote_category":0,"site-container-style":"default","site-container-layout":"default","site-sidebar-layout":"default","disable-article-header":"default","disable-site-header":"default","disable-site-footer":"default","disable-content-area-spacing":"default","_jetpack_memberships_contains_paid_content":false,"footnotes":"","jetpack_publicize_message":"","jetpack_publicize_feature_enabled":true,"jetpack_social_post_already_shared":true,"jetpack_social_options":{"image_generator_settings":{"template":"highway","default_image_id":0,"font":"","enabled":false},"version":2}},"categories":[1],"tags":[],"class_list":["post-8927","post","type-post","status-publish","format-standard","has-post-thumbnail","hentry","category-uncategorized"],"jetpack_publicize_connections":[],"jetpack_featured_media_url":"https:\/\/987aldia.com\/web\/wp-content\/uploads\/2025\/08\/68b1979347ffb.jpg","jetpack_sharing_enabled":true,"_links":{"self":[{"href":"https:\/\/987aldia.com\/web\/wp-json\/wp\/v2\/posts\/8927","targetHints":{"allow":["GET"]}}],"collection":[{"href":"https:\/\/987aldia.com\/web\/wp-json\/wp\/v2\/posts"}],"about":[{"href":"https:\/\/987aldia.com\/web\/wp-json\/wp\/v2\/types\/post"}],"author":[{"embeddable":true,"href":"https:\/\/987aldia.com\/web\/wp-json\/wp\/v2\/users\/1"}],"replies":[{"embeddable":true,"href":"https:\/\/987aldia.com\/web\/wp-json\/wp\/v2\/comments?post=8927"}],"version-history":[{"count":0,"href":"https:\/\/987aldia.com\/web\/wp-json\/wp\/v2\/posts\/8927\/revisions"}],"wp:featuredmedia":[{"embeddable":true,"href":"https:\/\/987aldia.com\/web\/wp-json\/wp\/v2\/media\/8928"}],"wp:attachment":[{"href":"https:\/\/987aldia.com\/web\/wp-json\/wp\/v2\/media?parent=8927"}],"wp:term":[{"taxonomy":"category","embeddable":true,"href":"https:\/\/987aldia.com\/web\/wp-json\/wp\/v2\/categories?post=8927"},{"taxonomy":"post_tag","embeddable":true,"href":"https:\/\/987aldia.com\/web\/wp-json\/wp\/v2\/tags?post=8927"}],"curies":[{"name":"wp","href":"https:\/\/api.w.org\/{rel}","templated":true}]}}