{"id":8933,"date":"2025-08-29T22:06:02","date_gmt":"2025-08-29T20:06:02","guid":{"rendered":"https:\/\/987aldia.com\/web\/el-bergidum-inicia-la-temporada-con-carena-un-espectaculo-de-poesia-en-el-abismo\/"},"modified":"2025-08-29T22:06:02","modified_gmt":"2025-08-29T20:06:02","slug":"el-bergidum-inicia-la-temporada-con-carena-un-espectaculo-de-poesia-en-el-abismo","status":"publish","type":"post","link":"https:\/\/987aldia.com\/web\/el-bergidum-inicia-la-temporada-con-carena-un-espectaculo-de-poesia-en-el-abismo\/","title":{"rendered":"El Bergidum inicia la temporada con \u00abCarena\u00bb, un espect\u00e1culo de poes\u00eda en el abismo."},"content":{"rendered":"<p>El teatro callejero ha vuelto a las calles de Bergidum con una propuesta innovadora y arriesgada. La compa\u00f1\u00eda La Corcoles ha sorprendido al p\u00fablico con su espect\u00e1culo \u00abCarena\u00bb, una muestra de funambulismo po\u00e9tico que desaf\u00eda los l\u00edmites entre la t\u00e9cnica y la emoci\u00f3n.<\/p>\n<p>En medio del Parque de la Concordia, los artistas de La Corcoles han logrado captar la atenci\u00f3n de los espectadores con acrobacias impresionantes y una puesta en escena impactante. \u00abCarena\u00bb es un viaje a trav\u00e9s del abismo, donde la poes\u00eda se entrelaza con la destreza f\u00edsica para crear una experiencia \u00fanica y envolvente.<\/p>\n<p>El Bergidum ha dado inicio a una nueva temporada llena de arte y creatividad, y La Corcoles ha sido la encargada de inaugurarla con un espect\u00e1culo que promete dejar a todos los presentes con la respiraci\u00f3n contenida. Sin duda, este lunes 1 de septiembre ha sido marcado por la magia del teatro callejero y la genialidad de una compa\u00f1\u00eda que no teme explorar los l\u00edmites de la expresi\u00f3n art\u00edstica.<\/p>\n","protected":false},"excerpt":{"rendered":"<p>El teatro callejero ha vuelto a las calles de Bergidum con una propuesta innovadora y arriesgada. La compa\u00f1\u00eda La Corcoles ha sorprendido al p\u00fablico con su espect\u00e1culo \u00abCarena\u00bb, una muestra de funambulismo po\u00e9tico que desaf\u00eda los l\u00edmites entre la t\u00e9cnica y la emoci\u00f3n. En medio del Parque de la Concordia, los artistas de La Corcoles [&hellip;]<\/p>\n","protected":false},"author":1,"featured_media":8934,"comment_status":"open","ping_status":"closed","sticky":false,"template":"","format":"standard","meta":{"_monsterinsights_skip_tracking":false,"_monsterinsights_sitenote_active":false,"_monsterinsights_sitenote_note":"","_monsterinsights_sitenote_category":0,"site-container-style":"default","site-container-layout":"default","site-sidebar-layout":"default","disable-article-header":"default","disable-site-header":"default","disable-site-footer":"default","disable-content-area-spacing":"default","_jetpack_memberships_contains_paid_content":false,"footnotes":"","jetpack_publicize_message":"","jetpack_publicize_feature_enabled":true,"jetpack_social_post_already_shared":true,"jetpack_social_options":{"image_generator_settings":{"template":"highway","default_image_id":0,"font":"","enabled":false},"version":2}},"categories":[1],"tags":[],"class_list":["post-8933","post","type-post","status-publish","format-standard","has-post-thumbnail","hentry","category-uncategorized"],"jetpack_publicize_connections":[],"jetpack_featured_media_url":"https:\/\/987aldia.com\/web\/wp-content\/uploads\/2025\/08\/68b2082a907ed.jpg","jetpack_sharing_enabled":true,"_links":{"self":[{"href":"https:\/\/987aldia.com\/web\/wp-json\/wp\/v2\/posts\/8933","targetHints":{"allow":["GET"]}}],"collection":[{"href":"https:\/\/987aldia.com\/web\/wp-json\/wp\/v2\/posts"}],"about":[{"href":"https:\/\/987aldia.com\/web\/wp-json\/wp\/v2\/types\/post"}],"author":[{"embeddable":true,"href":"https:\/\/987aldia.com\/web\/wp-json\/wp\/v2\/users\/1"}],"replies":[{"embeddable":true,"href":"https:\/\/987aldia.com\/web\/wp-json\/wp\/v2\/comments?post=8933"}],"version-history":[{"count":0,"href":"https:\/\/987aldia.com\/web\/wp-json\/wp\/v2\/posts\/8933\/revisions"}],"wp:featuredmedia":[{"embeddable":true,"href":"https:\/\/987aldia.com\/web\/wp-json\/wp\/v2\/media\/8934"}],"wp:attachment":[{"href":"https:\/\/987aldia.com\/web\/wp-json\/wp\/v2\/media?parent=8933"}],"wp:term":[{"taxonomy":"category","embeddable":true,"href":"https:\/\/987aldia.com\/web\/wp-json\/wp\/v2\/categories?post=8933"},{"taxonomy":"post_tag","embeddable":true,"href":"https:\/\/987aldia.com\/web\/wp-json\/wp\/v2\/tags?post=8933"}],"curies":[{"name":"wp","href":"https:\/\/api.w.org\/{rel}","templated":true}]}}