{"id":894,"date":"2023-03-09T10:56:42","date_gmt":"2023-03-09T10:56:42","guid":{"rendered":"https:\/\/987aldia.com\/web\/?p=894"},"modified":"2023-03-15T11:09:04","modified_gmt":"2023-03-15T11:09:04","slug":"la-salud-publica-envia-una-decision-al-ayuntamiento-de-valladolid-para-cuidar-la-salud-de-los-banistas-en-la-playa-de-las-moreras","status":"publish","type":"post","link":"https:\/\/987aldia.com\/web\/la-salud-publica-envia-una-decision-al-ayuntamiento-de-valladolid-para-cuidar-la-salud-de-los-banistas-en-la-playa-de-las-moreras\/","title":{"rendered":"La Salud P\u00fablica env\u00eda una decisi\u00f3n al Ayuntamiento de Valladolid para cuidar la salud de los ba\u00f1istas en la Playa de las Moreras"},"content":{"rendered":"\n<h2 class=\"wp-block-heading\">La asistencia durante los cinco \u00faltimos a\u00f1os de la declaraci\u00f3n como de calidad \u00abinsuficiente\u00bb de las aguas de esa zona de ba\u00f1o, supone, en cumplimiento de la normativa europea y nacional, que la administraci\u00f3n municipal encargada imponga medidas preventivas de la salubridad.<\/h2>\n\n\n\n<p>La Direcci\u00f3n General de Salud P\u00fablica ha dado traslado, en cumplimiento de la normativa nacional y europea actual, de una resoluci\u00f3n por la que se insta al Ayuntamiento de Valladolid a instituir las medidas legalmente previstas en la zona de aguas de ba\u00f1o &#8216;R\u00edo Pisuerga Valladolid&#8217; (playa de Las Moreras), que compone el censo oficial de zonas de ba\u00f1o de Castilla y Le\u00f3n y que en paralelo est\u00e1 dada de alta en el sistema de informaci\u00f3n nacional &#8216;N\u00e1yade&#8217;.<\/p>\n\n\n\n<p>Durante la temporada de ba\u00f1o se recogen en cada una de las zonas de ba\u00f1o del censo auton\u00f3mico y referenciadas en &#8216;N\u00e1yade&#8217;, entre otras informaciones, datos de muestreo, de inspecci\u00f3n visual, resultados anal\u00edticos de par\u00e1metros obligatorios, caracter\u00edsticas de cada playa fluvial o sobre inspecciones sanitarias.<\/p>\n\n\n\n<p>Toda esa informaci\u00f3n valen para la elaboraci\u00f3n t\u00e9cnica del informe anual calificador de las aguas como de calidad \u201cinsuficiente\u201d, \u201csuficiente\u201d, \u201cbuena\u201d o \u201cexcelente\u201d.\u00a0<\/p>\n\n\n\n<p>En este aspecto, el Real Decreto 134\/2007, sobre la gesti\u00f3n de aguas de ba\u00f1o recoge, su art\u00edculo 12.4, que\u00a0<em>\u201csi las aguas de ba\u00f1o son calificadas como de calidad \u201cinsuficiente\u201d durante cinco a\u00f1os consecutivos, la Autoridad competente<\/em>\u00a0-en este caso la Direcci\u00f3n General de Salud P\u00fablica-\u00a0<em>dispondr\u00e1 que se dicte una prohibici\u00f3n permanente del ba\u00f1os o la recomendaci\u00f3n de abstenerse del mismo\u201d<\/em>.<\/p>\n\n\n\n<p>En los \u00faltimos cinco a\u00f1os, varias de las inspecciones semanales hallaron en la zona \u2018R\u00edo Pisuerga Valladolid\u2018 presencia de microorganismos de origen fecal en alta concentraci\u00f3n, lo que conllev\u00f3 la declaraci\u00f3n como \u201cno apta\u201d para el ba\u00f1o de la playa de Las Moreras.<\/p>\n\n\n\n<p>Por ello, el Servicio Territorial de Sanidad en Valladolid advirti\u00f3 en febrero de 2022 al Ayuntamiento vallisoletano del resultado desfavorable de los cuatro ejercicio anteriores, conmin\u00e1ndole a la adopci\u00f3n, en el ejercicio de sus competencias municipales, de las oportunas medidas correctoras tendentes a mejorar la calidad de las aguas de cara a la siguiente temporada.<\/p>\n\n\n\n<p>Despu\u00e9s del verano de 2022, los an\u00e1lisis han vuelto a mostrarse de una calidad insuficiente en las aguas, con lo que se alcanzan esos cinco a\u00f1os de concurrencia a los que se refieren la legislaci\u00f3n europea, nacional y auton\u00f3mica.<\/p>\n\n\n\n<p>De hecho, en cumplimiento de la normativa vigente, la Consejer\u00eda de Sanidad, competente mediante la Direcci\u00f3n General de Salud P\u00fablica para la declaraci\u00f3n de situaciones irregulares y de incidencia en la calidad de las aguas de las zonas de ba\u00f1o, ha instado al Ayuntamiento de Valladolid, como autoridad competente, a que adopte las medidas que recoge la normativa vigente, para la protecci\u00f3n de la salud de los ba\u00f1istas en la zona de ba\u00f1o \u2018R\u00edo Pisuerga Valladolid\u2019 (playa de Las Moreras).<\/p>\n","protected":false},"excerpt":{"rendered":"<p>La asistencia durante los cinco \u00faltimos a\u00f1os de la declaraci\u00f3n como de calidad \u00abinsuficiente\u00bb de las aguas de esa zona de ba\u00f1o, supone, en cumplimiento de la normativa europea y nacional, que la administraci\u00f3n municipal encargada imponga medidas preventivas de la salubridad. La Direcci\u00f3n General de Salud P\u00fablica ha dado traslado, en cumplimiento de la [&hellip;]<\/p>\n","protected":false},"author":1,"featured_media":896,"comment_status":"open","ping_status":"closed","sticky":false,"template":"","format":"standard","meta":{"_monsterinsights_skip_tracking":false,"_monsterinsights_sitenote_active":false,"_monsterinsights_sitenote_note":"","_monsterinsights_sitenote_category":0,"site-container-style":"default","site-container-layout":"default","site-sidebar-layout":"default","disable-article-header":"default","disable-site-header":"default","disable-site-footer":"default","disable-content-area-spacing":"default","_jetpack_memberships_contains_paid_content":false,"footnotes":"","jetpack_publicize_message":"","jetpack_publicize_feature_enabled":true,"jetpack_social_post_already_shared":false,"jetpack_social_options":{"image_generator_settings":{"template":"highway","default_image_id":0,"font":"","enabled":false},"version":2}},"categories":[10],"tags":[],"class_list":["post-894","post","type-post","status-publish","format-standard","has-post-thumbnail","hentry","category-castilla-y-leon"],"jetpack_publicize_connections":[],"jetpack_featured_media_url":"https:\/\/987aldia.com\/web\/wp-content\/uploads\/2023\/03\/vista-monte-ferro-playa-america-nigran-espana.jpg","jetpack_sharing_enabled":true,"_links":{"self":[{"href":"https:\/\/987aldia.com\/web\/wp-json\/wp\/v2\/posts\/894","targetHints":{"allow":["GET"]}}],"collection":[{"href":"https:\/\/987aldia.com\/web\/wp-json\/wp\/v2\/posts"}],"about":[{"href":"https:\/\/987aldia.com\/web\/wp-json\/wp\/v2\/types\/post"}],"author":[{"embeddable":true,"href":"https:\/\/987aldia.com\/web\/wp-json\/wp\/v2\/users\/1"}],"replies":[{"embeddable":true,"href":"https:\/\/987aldia.com\/web\/wp-json\/wp\/v2\/comments?post=894"}],"version-history":[{"count":2,"href":"https:\/\/987aldia.com\/web\/wp-json\/wp\/v2\/posts\/894\/revisions"}],"predecessor-version":[{"id":897,"href":"https:\/\/987aldia.com\/web\/wp-json\/wp\/v2\/posts\/894\/revisions\/897"}],"wp:featuredmedia":[{"embeddable":true,"href":"https:\/\/987aldia.com\/web\/wp-json\/wp\/v2\/media\/896"}],"wp:attachment":[{"href":"https:\/\/987aldia.com\/web\/wp-json\/wp\/v2\/media?parent=894"}],"wp:term":[{"taxonomy":"category","embeddable":true,"href":"https:\/\/987aldia.com\/web\/wp-json\/wp\/v2\/categories?post=894"},{"taxonomy":"post_tag","embeddable":true,"href":"https:\/\/987aldia.com\/web\/wp-json\/wp\/v2\/tags?post=894"}],"curies":[{"name":"wp","href":"https:\/\/api.w.org\/{rel}","templated":true}]}}