{"id":8947,"date":"2025-08-30T12:07:02","date_gmt":"2025-08-30T10:07:02","guid":{"rendered":"https:\/\/987aldia.com\/web\/fran-gonzalez-representara-a-espana-en-la-seleccion-sub-21\/"},"modified":"2025-08-30T12:07:02","modified_gmt":"2025-08-30T10:07:02","slug":"fran-gonzalez-representara-a-espana-en-la-seleccion-sub-21","status":"publish","type":"post","link":"https:\/\/987aldia.com\/web\/fran-gonzalez-representara-a-espana-en-la-seleccion-sub-21\/","title":{"rendered":"Fran Gonz\u00e1lez representar\u00e1 a Espa\u00f1a en la selecci\u00f3n sub-21."},"content":{"rendered":"<p>El joven talento del f\u00fatbol espa\u00f1ol, Fran Gonz\u00e1lez, ha sido convocado para unirse a la selecci\u00f3n sub-21 de Espa\u00f1a en sus pr\u00f3ximos compromisos. El jugador tendr\u00e1 la oportunidad de representar a su pa\u00eds en los partidos de clasificaci\u00f3n para el Europeo de la categor\u00eda, enfrentando a Chipre el 5 de septiembre y a Kosovo el 9 de septiembre.<\/p>\n<p>Con tan solo su corta edad, Fran Gonz\u00e1lez ha demostrado su habilidad y talento en el terreno de juego, lo que le ha valido esta importante convocatoria para vestir la camiseta nacional. Se espera que su participaci\u00f3n en estos encuentros sea clave para el desempe\u00f1o del equipo y para consolidar su posici\u00f3n en el panorama futbol\u00edstico internacional.<\/p>\n<p>Los aficionados del f\u00fatbol espa\u00f1ol estar\u00e1n atentos a las actuaciones de Fran Gonz\u00e1lez en estos partidos, en los que tendr\u00e1 la oportunidad de demostrar su val\u00eda y contribuir al \u00e9xito de la selecci\u00f3n sub-21. Sin duda, este joven jugador promete emociones y grandes logros en su carrera deportiva.<\/p>\n","protected":false},"excerpt":{"rendered":"<p>El joven talento del f\u00fatbol espa\u00f1ol, Fran Gonz\u00e1lez, ha sido convocado para unirse a la selecci\u00f3n sub-21 de Espa\u00f1a en sus pr\u00f3ximos compromisos. El jugador tendr\u00e1 la oportunidad de representar a su pa\u00eds en los partidos de clasificaci\u00f3n para el Europeo de la categor\u00eda, enfrentando a Chipre el 5 de septiembre y a Kosovo el [&hellip;]<\/p>\n","protected":false},"author":1,"featured_media":8948,"comment_status":"open","ping_status":"closed","sticky":false,"template":"","format":"standard","meta":{"_monsterinsights_skip_tracking":false,"_monsterinsights_sitenote_active":false,"_monsterinsights_sitenote_note":"","_monsterinsights_sitenote_category":0,"site-container-style":"default","site-container-layout":"default","site-sidebar-layout":"default","disable-article-header":"default","disable-site-header":"default","disable-site-footer":"default","disable-content-area-spacing":"default","_jetpack_memberships_contains_paid_content":false,"footnotes":"","jetpack_publicize_message":"","jetpack_publicize_feature_enabled":true,"jetpack_social_post_already_shared":true,"jetpack_social_options":{"image_generator_settings":{"template":"highway","default_image_id":0,"font":"","enabled":false},"version":2}},"categories":[1],"tags":[],"class_list":["post-8947","post","type-post","status-publish","format-standard","has-post-thumbnail","hentry","category-uncategorized"],"jetpack_publicize_connections":[],"jetpack_featured_media_url":"https:\/\/987aldia.com\/web\/wp-content\/uploads\/2025\/08\/68b2cd461cb7b.jpg","jetpack_sharing_enabled":true,"_links":{"self":[{"href":"https:\/\/987aldia.com\/web\/wp-json\/wp\/v2\/posts\/8947","targetHints":{"allow":["GET"]}}],"collection":[{"href":"https:\/\/987aldia.com\/web\/wp-json\/wp\/v2\/posts"}],"about":[{"href":"https:\/\/987aldia.com\/web\/wp-json\/wp\/v2\/types\/post"}],"author":[{"embeddable":true,"href":"https:\/\/987aldia.com\/web\/wp-json\/wp\/v2\/users\/1"}],"replies":[{"embeddable":true,"href":"https:\/\/987aldia.com\/web\/wp-json\/wp\/v2\/comments?post=8947"}],"version-history":[{"count":0,"href":"https:\/\/987aldia.com\/web\/wp-json\/wp\/v2\/posts\/8947\/revisions"}],"wp:featuredmedia":[{"embeddable":true,"href":"https:\/\/987aldia.com\/web\/wp-json\/wp\/v2\/media\/8948"}],"wp:attachment":[{"href":"https:\/\/987aldia.com\/web\/wp-json\/wp\/v2\/media?parent=8947"}],"wp:term":[{"taxonomy":"category","embeddable":true,"href":"https:\/\/987aldia.com\/web\/wp-json\/wp\/v2\/categories?post=8947"},{"taxonomy":"post_tag","embeddable":true,"href":"https:\/\/987aldia.com\/web\/wp-json\/wp\/v2\/tags?post=8947"}],"curies":[{"name":"wp","href":"https:\/\/api.w.org\/{rel}","templated":true}]}}