{"id":8971,"date":"2025-09-01T08:05:47","date_gmt":"2025-09-01T06:05:47","guid":{"rendered":"https:\/\/987aldia.com\/web\/tito-y-tita-regresan-con-fuerza-en-ponferrada\/"},"modified":"2025-09-01T08:05:47","modified_gmt":"2025-09-01T06:05:47","slug":"tito-y-tita-regresan-con-fuerza-en-ponferrada","status":"publish","type":"post","link":"https:\/\/987aldia.com\/web\/tito-y-tita-regresan-con-fuerza-en-ponferrada\/","title":{"rendered":"Tito y Tita regresan con fuerza en Ponferrada"},"content":{"rendered":"<p>Anoche, la ciudad de Ponferrada se ilumin\u00f3 con el talento de los hermanos Tito y Tita, el famoso d\u00fao de mellizos originarios de Fabero. El Auditorio Municipal fue el escenario de un concierto que atrajo a miles de bercianos, quienes disfrutaron de una noche llena de m\u00fasica y emoci\u00f3n.<\/p>\n<p>Con su carisma y talento innato, Tito y Tita demostraron una vez m\u00e1s por qu\u00e9 son considerados una de las promesas musicales de la regi\u00f3n. Su actuaci\u00f3n fue recibida con entusiasmo por el p\u00fablico, que no escatim\u00f3 en aplausos y muestras de cari\u00f1o hacia los artistas.<\/p>\n<p>El concierto de los hermanos mellizos no solo fue un espect\u00e1culo musical, sino tambi\u00e9n un reencuentro con sus ra\u00edces y con su gente. La conexi\u00f3n entre Tito, Tita y el p\u00fablico berciano se hizo evidente a lo largo de la velada, creando un ambiente de celebraci\u00f3n y camarader\u00eda.<\/p>\n<p>Sin duda, la presencia de Tito y Tita en Ponferrada fue un momento especial para todos los presentes, quienes pudieron disfrutar de la magia y el talento de estos j\u00f3venes artistas que brillan con luz propia en la escena musical local.<\/p>\n","protected":false},"excerpt":{"rendered":"<p>Anoche, la ciudad de Ponferrada se ilumin\u00f3 con el talento de los hermanos Tito y Tita, el famoso d\u00fao de mellizos originarios de Fabero. El Auditorio Municipal fue el escenario de un concierto que atrajo a miles de bercianos, quienes disfrutaron de una noche llena de m\u00fasica y emoci\u00f3n. Con su carisma y talento innato, [&hellip;]<\/p>\n","protected":false},"author":1,"featured_media":8972,"comment_status":"open","ping_status":"closed","sticky":false,"template":"","format":"standard","meta":{"_monsterinsights_skip_tracking":false,"_monsterinsights_sitenote_active":false,"_monsterinsights_sitenote_note":"","_monsterinsights_sitenote_category":0,"site-container-style":"default","site-container-layout":"default","site-sidebar-layout":"default","disable-article-header":"default","disable-site-header":"default","disable-site-footer":"default","disable-content-area-spacing":"default","_jetpack_memberships_contains_paid_content":false,"footnotes":"","jetpack_publicize_message":"","jetpack_publicize_feature_enabled":true,"jetpack_social_post_already_shared":true,"jetpack_social_options":{"image_generator_settings":{"template":"highway","default_image_id":0,"font":"","enabled":false},"version":2}},"categories":[1],"tags":[],"class_list":["post-8971","post","type-post","status-publish","format-standard","has-post-thumbnail","hentry","category-uncategorized"],"jetpack_publicize_connections":[],"jetpack_featured_media_url":"https:\/\/987aldia.com\/web\/wp-content\/uploads\/2025\/09\/68b537bbd8977.jpg","jetpack_sharing_enabled":true,"_links":{"self":[{"href":"https:\/\/987aldia.com\/web\/wp-json\/wp\/v2\/posts\/8971","targetHints":{"allow":["GET"]}}],"collection":[{"href":"https:\/\/987aldia.com\/web\/wp-json\/wp\/v2\/posts"}],"about":[{"href":"https:\/\/987aldia.com\/web\/wp-json\/wp\/v2\/types\/post"}],"author":[{"embeddable":true,"href":"https:\/\/987aldia.com\/web\/wp-json\/wp\/v2\/users\/1"}],"replies":[{"embeddable":true,"href":"https:\/\/987aldia.com\/web\/wp-json\/wp\/v2\/comments?post=8971"}],"version-history":[{"count":0,"href":"https:\/\/987aldia.com\/web\/wp-json\/wp\/v2\/posts\/8971\/revisions"}],"wp:featuredmedia":[{"embeddable":true,"href":"https:\/\/987aldia.com\/web\/wp-json\/wp\/v2\/media\/8972"}],"wp:attachment":[{"href":"https:\/\/987aldia.com\/web\/wp-json\/wp\/v2\/media?parent=8971"}],"wp:term":[{"taxonomy":"category","embeddable":true,"href":"https:\/\/987aldia.com\/web\/wp-json\/wp\/v2\/categories?post=8971"},{"taxonomy":"post_tag","embeddable":true,"href":"https:\/\/987aldia.com\/web\/wp-json\/wp\/v2\/tags?post=8971"}],"curies":[{"name":"wp","href":"https:\/\/api.w.org\/{rel}","templated":true}]}}