{"id":898,"date":"2023-03-11T11:09:48","date_gmt":"2023-03-11T11:09:48","guid":{"rendered":"https:\/\/987aldia.com\/web\/?p=898"},"modified":"2023-03-15T11:26:33","modified_gmt":"2023-03-15T11:26:33","slug":"la-subasta-anual-de-la-reserva-regional-de-caza-de-gredos-rebasa-el-centenar-de-lotes-dicha-recaudacion-produce-recursos-economicos-y-naturales-a-sus-terminos-municipales","status":"publish","type":"post","link":"https:\/\/987aldia.com\/web\/la-subasta-anual-de-la-reserva-regional-de-caza-de-gredos-rebasa-el-centenar-de-lotes-dicha-recaudacion-produce-recursos-economicos-y-naturales-a-sus-terminos-municipales\/","title":{"rendered":"La Subasta Anual de la Reserva Regional de Caza de Gredos rebasa el centenar de lotes, dicha recaudaci\u00f3n produce recursos econ\u00f3micos y naturales a sus t\u00e9rminos municipales"},"content":{"rendered":"\n<h2 class=\"wp-block-heading\">Juan Carlos Su\u00e1rez-Qui\u00f1ones, consejero de Medio Ambiente, Vivienda y Ordenaci\u00f3n del Territorio, ha contribuido esta ma\u00f1ana en la subasta anual de la Reserva Regional de Caza de Gredos, donde se han ofrecido 101 lotes de cada, uno m\u00e1s que el a\u00f1o anterior. Este a\u00f1o se subastar\u00e1n 85 machos monteses, los ejemplares m\u00e1s emblem\u00e1ticos de la reserva. El consejero ha se\u00f1alado que la caza es una actividad primordial y necesaria para la sociedad actual, \u00aby no s\u00f3lo por motivos econ\u00f3micos, sino por motivos medioambientales y sociales, porque porque es una actividad imprescindible para el equilibrio de los ecosistemas y para la recuperaci\u00f3n de la fauna silvestre m\u00e1s sensible; para el control poblacional de las especies y la remisi\u00f3n de da\u00f1os a las personas, a la ganader\u00eda y a la agricultura, as\u00ed como para mantener los valores silvestres de las distintas especies y seleccionar a los espec\u00edmenes mejor dotados\u201d.<\/h2>\n\n\n\n<p>Acompa\u00f1ado por Mar\u00eda \u00c1ngeles Prieto, presidenta de la Asociaci\u00f3n de Propietarios de la Reserva Regional de Caza &#8216;Sierra de Gredos&#8217; y alcaldesa de Zapardiel de la Ribera, con el viceconsejero de Medio Ambiente y Ordenaci\u00f3n del Territorio, Rub\u00e9n Rodr\u00edguez; el director general de Patrimonio Natural y Pol\u00edtica Forestal, Jos\u00e9 \u00c1ngel Arranz; el presidente de la Diputaci\u00f3n de \u00c1vila, Carlos Garc\u00eda;\u00a0otros alcaldes y alcaldesas de la Reserva de Caza de Gredos y representantes institucionales y sociales-, el consejero de Medio Ambiente, Vivienda y Ordenaci\u00f3n del Territorio, Juan Carlos Su\u00e1rez-Qui\u00f1ones, ha asistido hoy a la subasta anual de caza para la temporada 2023-2024.<\/p>\n\n\n\n<p>La subasta de este a\u00f1o de la Reserva Regional de Caza de Gredos se ha elaborado en dos cuarteles: vertiente norte y vertiente sur, y abarca los t\u00e9rminos municipales de Zapardiel de la Ribera, Navalperal de Tormes, San Juan de Gredos, Hoyos de Espino, Navarredonda de Gredos, El Arenal, El Hornillo, Guisando, Arenas de San Pedro, Candeleda, Aliseda de Tormes y Bohoyo.<\/p>\n\n\n\n<p>Se han subastado 101 lotes de caza, divididos en 3 apartados: 85 machos monteses de las categor\u00edas A1 (a un precio de salida de 4.500 y 3.000 euros), A2 (3.000 y 2.000 euros) y B (1.500 y 1.000 euros), de los que 34 machos han sido en la cara norte y 51 en la cara sur; de igual forma que 6 corzos no medallables (3 en cada cuartel -se subasta 1 corzo m\u00e1s que en 2022- a un precio de salida de 300 euros), y 10 venados no medallables (6 en la vertiente norte m\u00e1s 4 en la sur, a un precio de salida de 400 euros).<\/p>\n\n\n\n<p>La categor\u00eda A1 son machos de 10 a\u00f1os o m\u00e1s y con una puntuaci\u00f3n de 230 o m\u00e1s. La categor\u00eda A2 que tambi\u00e9n se relaciona con ejemplares de 10 a\u00f1os o m\u00e1s, pero una puntuaci\u00f3n entre 211 y 230. La categor\u00eda B, de 210 puntos o menos y con una edad igual o superior a 9 a\u00f1os.<\/p>\n\n\n\n<p>Al importe generado por la adjudicaci\u00f3n de los lotes que salen a subasta, habr\u00e1 que sumar la liquidaci\u00f3n proporcionada de cuota complementaria, en funci\u00f3n de la puntuaci\u00f3n fiscal que ofrezca cada trofeo una vez abatido.<\/p>\n\n\n\n<p>El precio al que concluyentemente se adjudiquen estos lotes reportar\u00e1 unos importantes beneficios econ\u00f3micos para estas localidades, a los que se a\u00f1aden los generados por la propia actividad de la caza.<\/p>\n\n\n\n<p><strong>Conservar y promover especies<\/strong><\/p>\n\n\n\n<p>Las Reservas Regionales de Caza son terrenos manifestados con el doble objetivo de conservar y promover algunas especies y, una vez logrados los niveles de densidad adecuados, aprovechar racionalmente esta riqueza cineg\u00e9tica para la m\u00e1xima satisfacci\u00f3n social y recreativa, procurando dirigir hacia las comarcas afectadas una intensa corriente dineraria que permita mejorar sus condiciones econ\u00f3micas y sociales.<\/p>\n\n\n\n<p>La historia de la Reserva de Gredos se empieza a escribir en 1905 con Alfonso XIII, pese a que la delimitaci\u00f3n formal de estos terrenos no se realiz\u00f3 hasta 1917 mediante el \u00abActa de deslinde\u00bb, levantada en la localidad abulense de Hoyos del Espino el 8 de octubre de ese a\u00f1o, creando el coto Nacional de caza de Gredos que pasa a ser Reserva Nacional de Caza mediante Ley de Caza 1\/1970 de 4 de Abril, siendo actualmente la Reserva Regional de Caza \u00abSierra de Gredos\u00bb por Ley 4\/1996 de 12 de Julio, de Caza de Castilla y Le\u00f3n.<\/p>\n\n\n\n<p>Los terrenos que constituyen la actual Reserva Regional de Caza de Gredos se localizan entre los m\u00e1s antiguos ordenados cineg\u00e9ticamente en Espa\u00f1a, bajo la responsabilidad de la administraci\u00f3n p\u00fablica, en este caso de la Junta de Castilla y Le\u00f3n, a trav\u00e9s de la Consejer\u00eda de Medio Ambiente, Vivienda y Ordenaci\u00f3n del Territorio.<\/p>\n\n\n\n<p>Por supuesto, la especie emblem\u00e1tica de la Reserva de Gredos es la cabra mont\u00e9s. Aparte de la calidad de los trofeos, Gredos dedica un espacio \u00fanico de vegetaci\u00f3n t\u00edpicamente mediterr\u00e1nea en valles imbricados con canchales y pedrizas que dan lugar a recechos inolvidables para el cazador.<\/p>\n\n\n\n<p>El presente modelo de Castilla y Le\u00f3n se fundamenta en que la gesti\u00f3n t\u00e9cnica de las Reservas regionales de caza corresponde a la Junta de Castilla y Le\u00f3n y los propietarios y municipios asumen plenamente la enajenaci\u00f3n de los aprovechamientos cineg\u00e9ticos y reciben todos los ingresos.<\/p>\n\n\n\n<p>Con car\u00e1cter general, las reservas generan a sus propietarios una renta neta por ha y a\u00f1o superior al valor medio de mercado de los cotos privados de caza.<\/p>\n\n\n\n<p>Castilla y Le\u00f3n ha creado la Red de Reservas Regionales de Caza, mediante el cual hemos avanzado en el fomento y la promoci\u00f3n de otras actividades complementarias a la caza como pueden ser turismo en la berrea, el turismo fotogr\u00e1fico de fauna o la comercializaci\u00f3n de carne de caza, hosteler\u00eda o creaci\u00f3n de paquetes de caza.<\/p>\n\n\n\n<p>En mayo de 2013 la Junta de Castilla y Le\u00f3n puso en marcha, en colaboraci\u00f3n con la Fundaci\u00f3n Cesefor, el portal de Subastas de caza en Reservas Regionales de Caza,\u00a0con el prop\u00f3sito de que la oferta de caza en la Red de Reservas Regionales de Caza est\u00e9 disponible, a un \u201cclick\u201c en tiempo real, para cualquier cazador desde su propia casa en cualquier rinc\u00f3n de cualquier pa\u00eds, disponiendo de toda la informaci\u00f3n necesaria, evitando gastos de desplazamiento.<\/p>\n\n\n\n<p>Se ha afianzado entre el p\u00fablico cazador gracias a la utilizaci\u00f3n de las redes sociales y a la posibilidad de suscribirse a boletines electr\u00f3nicos \u2018newsletter\u2019, transform\u00e1ndose en referente p\u00fablico de comercializaci\u00f3n de recursos cineg\u00e9ticos. La iniciativa consiente a los propietarios una mejora de la comercializaci\u00f3n o enajenaci\u00f3n de sus recursos cineg\u00e9ticos gracias al procedimiento de licitaci\u00f3n electr\u00f3nica, accesible al p\u00fablico en general.<\/p>\n\n\n\n<p>El Portal de Subastas de Caza se ha venido a sumar, en perfecta armon\u00eda, con la celebraci\u00f3n de subastas presenciales, como la celebrada hoy en la Sierra de Gredos.<\/p>\n\n\n\n<p><strong>La importancia de la caza para el medio rural<\/strong><\/p>\n\n\n\n<p>La caza en Castilla y Le\u00f3n establecen un importante recurso econ\u00f3mico para las zonas rurales y un importante recurso natural, que tiene garantizado su futuro si se mantiene su adecuada gesti\u00f3n y su aprovechamiento responsable, como es el que promueve la nueva Ley 9\/2019, de 28 de marzo, de modificaci\u00f3n de la Ley 4\/1996, de 12 de julio, de Caza en la Comunidad Aut\u00f3noma de Castilla y Le\u00f3n.<\/p>\n\n\n\n<p>La aportaci\u00f3n econ\u00f3mica producida por la caza, y en concreto por la caza mayor, permite fijar poblaci\u00f3n, suponiendo un complemento importante y casi exclusivo en los espacios rurales menos favorecidos, y generando puestos de trabajo, que abarcan desde guardas de campo y de caza, celadores, guardeses, gu\u00edas, ojeadores, cuidadores de perros, rehaleros, secretarios, postores, restauradores, armeros, cartucheros, taxidermistas, criadores de perros, adiestradores, veterinarios, bi\u00f3logos, ingenieros de montes, productores de especies cineg\u00e9ticas, gestores de fincas, t\u00e9cnicos, operarios de infraestructuras y servicios cineg\u00e9ticos, hasta carniceros, chacineros, fabricantes de ropas y complementos de caza, guarnicioneros y un largo etc\u00e9tera, sin olvidar otros muchos sectores que dependen indirectamente de esta actividad, transportes p\u00fablicos, coches, otros veh\u00edculos, remolques, bares, restaurantes, hoteles y otros establecimientos tur\u00edsticos.<\/p>\n\n\n\n<p>Para Juan Carlos Su\u00e1rez-Qui\u00f1ones, la caza es una actividad primordial y necesaria para la sociedad actual, \u201cy no s\u00f3lo por motivos econ\u00f3micos, sino por motivos medioambientales y sociales, porque es una actividad imprescindible para el equilibrio de los ecosistemas y para la recuperaci\u00f3n de la fauna silvestre m\u00e1s sensible; para el control poblacional de las especies y la remisi\u00f3n de da\u00f1os a las personas, a la ganader\u00eda y a la agricultura, as\u00ed como para mantener los valores silvestres de las distintas especies y seleccionar a los espec\u00edmenes mejor dotados\u201d. \u201cConscientes de ello -afirm\u00f3 Su\u00e1rez-Qui\u00f1ones-, desde la Junta de Castilla y Le\u00f3n apostamos por la actividad de la caza, como caza racional, deportiva, sostenible, como herramienta para conseguir el equilibrio poblacional, tur\u00edstica y de ocio, como actividad econ\u00f3mica, generadora de un importante n\u00famero de puestos de trabajo, especialmente en el medio rural\u201d.<\/p>\n\n\n\n<p>De igual forma, el consejero ha a\u00f1adido que \u201ccada vez cobra m\u00e1s importancia el reconocimiento expl\u00edcito de la caza como parte del engranaje econ\u00f3mico de nuestra Comunidad, con todas las evidentes repercusiones sociales que ello comporta y su influencia en la actividad industrial, tur\u00edstica, agr\u00edcola y ganadera, as\u00ed como en el empleo, y desde luego\u201d.<\/p>\n","protected":false},"excerpt":{"rendered":"<p>Juan Carlos Su\u00e1rez-Qui\u00f1ones, consejero de Medio Ambiente, Vivienda y Ordenaci\u00f3n del Territorio, ha contribuido esta ma\u00f1ana en la subasta anual de la Reserva Regional de Caza de Gredos, donde se han ofrecido 101 lotes de cada, uno m\u00e1s que el a\u00f1o anterior. Este a\u00f1o se subastar\u00e1n 85 machos monteses, los ejemplares m\u00e1s emblem\u00e1ticos de la [&hellip;]<\/p>\n","protected":false},"author":1,"featured_media":899,"comment_status":"open","ping_status":"closed","sticky":false,"template":"","format":"standard","meta":{"_monsterinsights_skip_tracking":false,"_monsterinsights_sitenote_active":false,"_monsterinsights_sitenote_note":"","_monsterinsights_sitenote_category":0,"site-container-style":"default","site-container-layout":"default","site-sidebar-layout":"default","disable-article-header":"default","disable-site-header":"default","disable-site-footer":"default","disable-content-area-spacing":"default","_jetpack_memberships_contains_paid_content":false,"footnotes":"","jetpack_publicize_message":"","jetpack_publicize_feature_enabled":true,"jetpack_social_post_already_shared":false,"jetpack_social_options":{"image_generator_settings":{"template":"highway","default_image_id":0,"font":"","enabled":false},"version":2}},"categories":[10],"tags":[],"class_list":["post-898","post","type-post","status-publish","format-standard","has-post-thumbnail","hentry","category-castilla-y-leon"],"jetpack_publicize_connections":[],"jetpack_featured_media_url":"https:\/\/987aldia.com\/web\/wp-content\/uploads\/2023\/03\/hombre-abre-perno-escopeta-despues-disparo-humo.jpg","jetpack_sharing_enabled":true,"_links":{"self":[{"href":"https:\/\/987aldia.com\/web\/wp-json\/wp\/v2\/posts\/898","targetHints":{"allow":["GET"]}}],"collection":[{"href":"https:\/\/987aldia.com\/web\/wp-json\/wp\/v2\/posts"}],"about":[{"href":"https:\/\/987aldia.com\/web\/wp-json\/wp\/v2\/types\/post"}],"author":[{"embeddable":true,"href":"https:\/\/987aldia.com\/web\/wp-json\/wp\/v2\/users\/1"}],"replies":[{"embeddable":true,"href":"https:\/\/987aldia.com\/web\/wp-json\/wp\/v2\/comments?post=898"}],"version-history":[{"count":1,"href":"https:\/\/987aldia.com\/web\/wp-json\/wp\/v2\/posts\/898\/revisions"}],"predecessor-version":[{"id":900,"href":"https:\/\/987aldia.com\/web\/wp-json\/wp\/v2\/posts\/898\/revisions\/900"}],"wp:featuredmedia":[{"embeddable":true,"href":"https:\/\/987aldia.com\/web\/wp-json\/wp\/v2\/media\/899"}],"wp:attachment":[{"href":"https:\/\/987aldia.com\/web\/wp-json\/wp\/v2\/media?parent=898"}],"wp:term":[{"taxonomy":"category","embeddable":true,"href":"https:\/\/987aldia.com\/web\/wp-json\/wp\/v2\/categories?post=898"},{"taxonomy":"post_tag","embeddable":true,"href":"https:\/\/987aldia.com\/web\/wp-json\/wp\/v2\/tags?post=898"}],"curies":[{"name":"wp","href":"https:\/\/api.w.org\/{rel}","templated":true}]}}