{"id":8983,"date":"2025-09-01T20:05:33","date_gmt":"2025-09-01T18:05:33","guid":{"rendered":"https:\/\/987aldia.com\/web\/las-fiestas-de-la-encina-una-victoria-surena-en-tierras-del-norte\/"},"modified":"2025-09-01T20:05:33","modified_gmt":"2025-09-01T18:05:33","slug":"las-fiestas-de-la-encina-una-victoria-surena-en-tierras-del-norte","status":"publish","type":"post","link":"https:\/\/987aldia.com\/web\/las-fiestas-de-la-encina-una-victoria-surena-en-tierras-del-norte\/","title":{"rendered":"Las Fiestas de la Encina: Una victoria sure\u00f1a en tierras del norte."},"content":{"rendered":"<p>En un giro inesperado, el sur logra imponerse sobre el norte en las tradicionales Fiestas de la Encina. La celebraci\u00f3n, que suele ser dominada por las costumbres y festividades del norte del pa\u00eds, este a\u00f1o se vio invadida por la alegr\u00eda y el colorido caracter\u00edstico del sur. Los asistentes quedaron sorprendidos al presenciar una fusi\u00f3n de tradiciones en la que la m\u00fasica, la danza y la gastronom\u00eda sure\u00f1a se adue\u00f1aron del escenario principal.<\/p>\n<p>Los habitantes del norte, acostumbrados a sus propias tradiciones arraigadas, se vieron contagiados por la energ\u00eda y la pasi\u00f3n que los representantes del sur demostraron en cada una de las actividades programadas. Los bailes flamencos, la m\u00fasica de guitarras y las tapas andaluzas se convirtieron en los protagonistas indiscutibles de esta edici\u00f3n de las Fiestas de la Encina.<\/p>\n<p>Este inusual cambio en la din\u00e1mica de las festividades ha generado opiniones encontradas entre los asistentes, algunos aplauden la diversidad y la riqueza cultural que aporta esta nueva perspectiva, mientras que otros se muestran esc\u00e9pticos y nost\u00e1lgicos por la p\u00e9rdida de las tradiciones locales. Sin embargo, lo que es innegable es que esta edici\u00f3n de las Fiestas de la Encina quedar\u00e1 marcada en la memoria de todos como un evento \u00fanico y lleno de sorpresas.<\/p>\n","protected":false},"excerpt":{"rendered":"<p>En un giro inesperado, el sur logra imponerse sobre el norte en las tradicionales Fiestas de la Encina. La celebraci\u00f3n, que suele ser dominada por las costumbres y festividades del norte del pa\u00eds, este a\u00f1o se vio invadida por la alegr\u00eda y el colorido caracter\u00edstico del sur. Los asistentes quedaron sorprendidos al presenciar una fusi\u00f3n [&hellip;]<\/p>\n","protected":false},"author":1,"featured_media":8984,"comment_status":"open","ping_status":"closed","sticky":false,"template":"","format":"standard","meta":{"_monsterinsights_skip_tracking":false,"_monsterinsights_sitenote_active":false,"_monsterinsights_sitenote_note":"","_monsterinsights_sitenote_category":0,"site-container-style":"default","site-container-layout":"default","site-sidebar-layout":"default","disable-article-header":"default","disable-site-header":"default","disable-site-footer":"default","disable-content-area-spacing":"default","_jetpack_memberships_contains_paid_content":false,"footnotes":"","jetpack_publicize_message":"","jetpack_publicize_feature_enabled":true,"jetpack_social_post_already_shared":true,"jetpack_social_options":{"image_generator_settings":{"template":"highway","default_image_id":0,"font":"","enabled":false},"version":2}},"categories":[1],"tags":[],"class_list":["post-8983","post","type-post","status-publish","format-standard","has-post-thumbnail","hentry","category-uncategorized"],"jetpack_publicize_connections":[],"jetpack_featured_media_url":"https:\/\/987aldia.com\/web\/wp-content\/uploads\/2025\/09\/68b5e06d279b5.jpg","jetpack_sharing_enabled":true,"_links":{"self":[{"href":"https:\/\/987aldia.com\/web\/wp-json\/wp\/v2\/posts\/8983","targetHints":{"allow":["GET"]}}],"collection":[{"href":"https:\/\/987aldia.com\/web\/wp-json\/wp\/v2\/posts"}],"about":[{"href":"https:\/\/987aldia.com\/web\/wp-json\/wp\/v2\/types\/post"}],"author":[{"embeddable":true,"href":"https:\/\/987aldia.com\/web\/wp-json\/wp\/v2\/users\/1"}],"replies":[{"embeddable":true,"href":"https:\/\/987aldia.com\/web\/wp-json\/wp\/v2\/comments?post=8983"}],"version-history":[{"count":0,"href":"https:\/\/987aldia.com\/web\/wp-json\/wp\/v2\/posts\/8983\/revisions"}],"wp:featuredmedia":[{"embeddable":true,"href":"https:\/\/987aldia.com\/web\/wp-json\/wp\/v2\/media\/8984"}],"wp:attachment":[{"href":"https:\/\/987aldia.com\/web\/wp-json\/wp\/v2\/media?parent=8983"}],"wp:term":[{"taxonomy":"category","embeddable":true,"href":"https:\/\/987aldia.com\/web\/wp-json\/wp\/v2\/categories?post=8983"},{"taxonomy":"post_tag","embeddable":true,"href":"https:\/\/987aldia.com\/web\/wp-json\/wp\/v2\/tags?post=8983"}],"curies":[{"name":"wp","href":"https:\/\/api.w.org\/{rel}","templated":true}]}}