{"id":8987,"date":"2025-09-02T00:05:43","date_gmt":"2025-09-01T22:05:43","guid":{"rendered":"https:\/\/987aldia.com\/web\/la-feria-agroalimentaria-de-la-granja-de-san-vicente-sigue-triunfando-con-gran-afluencia-de-publico\/"},"modified":"2025-09-02T00:05:43","modified_gmt":"2025-09-01T22:05:43","slug":"la-feria-agroalimentaria-de-la-granja-de-san-vicente-sigue-triunfando-con-gran-afluencia-de-publico","status":"publish","type":"post","link":"https:\/\/987aldia.com\/web\/la-feria-agroalimentaria-de-la-granja-de-san-vicente-sigue-triunfando-con-gran-afluencia-de-publico\/","title":{"rendered":"La Feria Agroalimentaria de la Granja de San Vicente sigue triunfando con gran afluencia de p\u00fablico"},"content":{"rendered":"<p>La Feria Agroalimentaria de la Granja de San Vicente ha vuelto a ser un rotundo \u00e9xito este a\u00f1o, con m\u00e1s de 600 visitas que disfrutaron de la amplia oferta de productos locales y actividades programadas. El evento, que se ha consolidado como una cita imprescindible para los amantes de la gastronom\u00eda y la agricultura en la regi\u00f3n, ha logrado garantizar su continuidad gracias al apoyo de los asistentes y de los productores locales.<\/p>\n<p>Durante la feria, los visitantes pudieron degustar una gran variedad de alimentos frescos y de calidad, as\u00ed como participar en talleres, charlas y actividades para toda la familia. La Granja de San Vicente se ha convertido en un referente en la promoci\u00f3n de la producci\u00f3n agroalimentaria sostenible y en la puesta en valor de los productos de la zona.<\/p>\n<p>La organizaci\u00f3n ha destacado el compromiso de los productores locales y el inter\u00e9s creciente de la comunidad por consumir de manera consciente y apoyar la econom\u00eda local. Con m\u00e1s de 600 visitas en esta edici\u00f3n, la Feria Agroalimentaria de la Granja de San Vicente se consolida como un evento clave para promover la cultura del campo y el consumo responsable.<\/p>\n","protected":false},"excerpt":{"rendered":"<p>La Feria Agroalimentaria de la Granja de San Vicente ha vuelto a ser un rotundo \u00e9xito este a\u00f1o, con m\u00e1s de 600 visitas que disfrutaron de la amplia oferta de productos locales y actividades programadas. El evento, que se ha consolidado como una cita imprescindible para los amantes de la gastronom\u00eda y la agricultura en [&hellip;]<\/p>\n","protected":false},"author":1,"featured_media":8988,"comment_status":"open","ping_status":"closed","sticky":false,"template":"","format":"standard","meta":{"_monsterinsights_skip_tracking":false,"_monsterinsights_sitenote_active":false,"_monsterinsights_sitenote_note":"","_monsterinsights_sitenote_category":0,"site-container-style":"default","site-container-layout":"default","site-sidebar-layout":"default","disable-article-header":"default","disable-site-header":"default","disable-site-footer":"default","disable-content-area-spacing":"default","_jetpack_memberships_contains_paid_content":false,"footnotes":"","jetpack_publicize_message":"","jetpack_publicize_feature_enabled":true,"jetpack_social_post_already_shared":true,"jetpack_social_options":{"image_generator_settings":{"template":"highway","default_image_id":0,"font":"","enabled":false},"version":2}},"categories":[1],"tags":[],"class_list":["post-8987","post","type-post","status-publish","format-standard","has-post-thumbnail","hentry","category-uncategorized"],"jetpack_publicize_connections":[],"jetpack_featured_media_url":"https:\/\/987aldia.com\/web\/wp-content\/uploads\/2025\/09\/68b618b74e279.jpg","jetpack_sharing_enabled":true,"_links":{"self":[{"href":"https:\/\/987aldia.com\/web\/wp-json\/wp\/v2\/posts\/8987","targetHints":{"allow":["GET"]}}],"collection":[{"href":"https:\/\/987aldia.com\/web\/wp-json\/wp\/v2\/posts"}],"about":[{"href":"https:\/\/987aldia.com\/web\/wp-json\/wp\/v2\/types\/post"}],"author":[{"embeddable":true,"href":"https:\/\/987aldia.com\/web\/wp-json\/wp\/v2\/users\/1"}],"replies":[{"embeddable":true,"href":"https:\/\/987aldia.com\/web\/wp-json\/wp\/v2\/comments?post=8987"}],"version-history":[{"count":0,"href":"https:\/\/987aldia.com\/web\/wp-json\/wp\/v2\/posts\/8987\/revisions"}],"wp:featuredmedia":[{"embeddable":true,"href":"https:\/\/987aldia.com\/web\/wp-json\/wp\/v2\/media\/8988"}],"wp:attachment":[{"href":"https:\/\/987aldia.com\/web\/wp-json\/wp\/v2\/media?parent=8987"}],"wp:term":[{"taxonomy":"category","embeddable":true,"href":"https:\/\/987aldia.com\/web\/wp-json\/wp\/v2\/categories?post=8987"},{"taxonomy":"post_tag","embeddable":true,"href":"https:\/\/987aldia.com\/web\/wp-json\/wp\/v2\/tags?post=8987"}],"curies":[{"name":"wp","href":"https:\/\/api.w.org\/{rel}","templated":true}]}}