{"id":8989,"date":"2025-09-02T02:06:21","date_gmt":"2025-09-02T00:06:21","guid":{"rendered":"https:\/\/987aldia.com\/web\/investigacion-de-la-guardia-civil-sobre-el-tragico-accidente-de-un-motociclista-frances\/"},"modified":"2025-09-02T02:06:21","modified_gmt":"2025-09-02T00:06:21","slug":"investigacion-de-la-guardia-civil-sobre-el-tragico-accidente-de-un-motociclista-frances","status":"publish","type":"post","link":"https:\/\/987aldia.com\/web\/investigacion-de-la-guardia-civil-sobre-el-tragico-accidente-de-un-motociclista-frances\/","title":{"rendered":"Investigaci\u00f3n de la Guardia Civil sobre el tr\u00e1gico accidente de un motociclista franc\u00e9s"},"content":{"rendered":"<p>La Guardia Civil se encuentra actualmente investigando el tr\u00e1gico accidente que cobr\u00f3 la vida de un motorista franc\u00e9s en las carreteras de la provincia. El suceso ha conmocionado a la comunidad local y ha puesto en alerta a las autoridades viales, quienes trabajan arduamente para esclarecer las causas que llevaron a esta fatal colisi\u00f3n.<\/p>\n<p>El motorista, cuya identidad no ha sido revelada hasta el momento, perdi\u00f3 la vida en un impactante choque que ha dejado consternados a testigos y residentes cercanos. La Guardia Civil ha desplegado un operativo especial para recopilar pruebas y testimonios que permitan reconstruir los eventos que desencadenaron en este tr\u00e1gico desenlace.<\/p>\n<p>Por el momento, se ha informado que las autoridades contin\u00faan recabando informaci\u00f3n para determinar con precisi\u00f3n las circunstancias del accidente y deslindar responsabilidades, en un esfuerzo por brindar justicia y tranquilidad a los familiares y seres queridos del motorista fallecido. Los investigadores no descartan ninguna hip\u00f3tesis y trabajan incansablemente para esclarecer este lamentable suceso que enluta a la comunidad.<\/p>\n","protected":false},"excerpt":{"rendered":"<p>La Guardia Civil se encuentra actualmente investigando el tr\u00e1gico accidente que cobr\u00f3 la vida de un motorista franc\u00e9s en las carreteras de la provincia. El suceso ha conmocionado a la comunidad local y ha puesto en alerta a las autoridades viales, quienes trabajan arduamente para esclarecer las causas que llevaron a esta fatal colisi\u00f3n. El [&hellip;]<\/p>\n","protected":false},"author":1,"featured_media":8990,"comment_status":"open","ping_status":"closed","sticky":false,"template":"","format":"standard","meta":{"_monsterinsights_skip_tracking":false,"_monsterinsights_sitenote_active":false,"_monsterinsights_sitenote_note":"","_monsterinsights_sitenote_category":0,"site-container-style":"default","site-container-layout":"default","site-sidebar-layout":"default","disable-article-header":"default","disable-site-header":"default","disable-site-footer":"default","disable-content-area-spacing":"default","_jetpack_memberships_contains_paid_content":false,"footnotes":"","jetpack_publicize_message":"","jetpack_publicize_feature_enabled":true,"jetpack_social_post_already_shared":true,"jetpack_social_options":{"image_generator_settings":{"template":"highway","default_image_id":0,"font":"","enabled":false},"version":2}},"categories":[1],"tags":[],"class_list":["post-8989","post","type-post","status-publish","format-standard","has-post-thumbnail","hentry","category-uncategorized"],"jetpack_publicize_connections":[],"jetpack_featured_media_url":"https:\/\/987aldia.com\/web\/wp-content\/uploads\/2025\/09\/68b634fd17525.jpg","jetpack_sharing_enabled":true,"_links":{"self":[{"href":"https:\/\/987aldia.com\/web\/wp-json\/wp\/v2\/posts\/8989","targetHints":{"allow":["GET"]}}],"collection":[{"href":"https:\/\/987aldia.com\/web\/wp-json\/wp\/v2\/posts"}],"about":[{"href":"https:\/\/987aldia.com\/web\/wp-json\/wp\/v2\/types\/post"}],"author":[{"embeddable":true,"href":"https:\/\/987aldia.com\/web\/wp-json\/wp\/v2\/users\/1"}],"replies":[{"embeddable":true,"href":"https:\/\/987aldia.com\/web\/wp-json\/wp\/v2\/comments?post=8989"}],"version-history":[{"count":0,"href":"https:\/\/987aldia.com\/web\/wp-json\/wp\/v2\/posts\/8989\/revisions"}],"wp:featuredmedia":[{"embeddable":true,"href":"https:\/\/987aldia.com\/web\/wp-json\/wp\/v2\/media\/8990"}],"wp:attachment":[{"href":"https:\/\/987aldia.com\/web\/wp-json\/wp\/v2\/media?parent=8989"}],"wp:term":[{"taxonomy":"category","embeddable":true,"href":"https:\/\/987aldia.com\/web\/wp-json\/wp\/v2\/categories?post=8989"},{"taxonomy":"post_tag","embeddable":true,"href":"https:\/\/987aldia.com\/web\/wp-json\/wp\/v2\/tags?post=8989"}],"curies":[{"name":"wp","href":"https:\/\/api.w.org\/{rel}","templated":true}]}}