{"id":8991,"date":"2025-09-02T04:06:30","date_gmt":"2025-09-02T02:06:30","guid":{"rendered":"https:\/\/987aldia.com\/web\/nuevo-pacto-de-estado-contra-el-cambio-climatico-incluira-medidas-para-reducir-la-emision-de-gases-todo-el-ano-y-revitalizar-zonas-rurales-en-espana\/"},"modified":"2025-09-02T04:06:30","modified_gmt":"2025-09-02T02:06:30","slug":"nuevo-pacto-de-estado-contra-el-cambio-climatico-incluira-medidas-para-reducir-la-emision-de-gases-todo-el-ano-y-revitalizar-zonas-rurales-en-espana","status":"publish","type":"post","link":"https:\/\/987aldia.com\/web\/nuevo-pacto-de-estado-contra-el-cambio-climatico-incluira-medidas-para-reducir-la-emision-de-gases-todo-el-ano-y-revitalizar-zonas-rurales-en-espana\/","title":{"rendered":"Nuevo Pacto de Estado contra el Cambio Clim\u00e1tico incluir\u00e1 medidas para reducir la emisi\u00f3n de gases todo el a\u00f1o y revitalizar zonas rurales en Espa\u00f1a."},"content":{"rendered":"<p>El presidente del Gobierno, Pedro S\u00e1nchez, ha presentado el Pacto de Estado contra el Cambio Clim\u00e1tico, un ambicioso plan que busca combatir de manera efectiva la crisis ambiental que enfrenta nuestro planeta. Este acuerdo, que ser\u00e1 aprobado por el Consejo de Ministros en los pr\u00f3ximos d\u00edas, incluye diez compromisos que marcar\u00e1n un antes y un despu\u00e9s en la lucha contra el calentamiento global.<\/p>\n<p>Entre las medidas destacadas se encuentra la promoci\u00f3n de medios de transporte sostenibles durante los 365 d\u00edas del a\u00f1o, con el objetivo de reducir las emisiones de gases contaminantes. Adem\u00e1s, el pacto tiene como objetivo frenar el fen\u00f3meno de la Espa\u00f1a vaciada, impulsando pol\u00edticas que fomenten la repoblaci\u00f3n de zonas rurales y la sostenibilidad de los espacios naturales.<\/p>\n<p>Con esta iniciativa, el Gobierno pretende sentar las bases para una transici\u00f3n hacia un modelo de desarrollo m\u00e1s sostenible y respetuoso con el medio ambiente. Se espera que el Pacto de Estado contra el Cambio Clim\u00e1tico marque un hito en la historia de nuestro pa\u00eds y contribuya de manera significativa a la protecci\u00f3n del planeta para las generaciones futuras.<\/p>\n","protected":false},"excerpt":{"rendered":"<p>El presidente del Gobierno, Pedro S\u00e1nchez, ha presentado el Pacto de Estado contra el Cambio Clim\u00e1tico, un ambicioso plan que busca combatir de manera efectiva la crisis ambiental que enfrenta nuestro planeta. Este acuerdo, que ser\u00e1 aprobado por el Consejo de Ministros en los pr\u00f3ximos d\u00edas, incluye diez compromisos que marcar\u00e1n un antes y un [&hellip;]<\/p>\n","protected":false},"author":1,"featured_media":8992,"comment_status":"open","ping_status":"closed","sticky":false,"template":"","format":"standard","meta":{"_monsterinsights_skip_tracking":false,"_monsterinsights_sitenote_active":false,"_monsterinsights_sitenote_note":"","_monsterinsights_sitenote_category":0,"site-container-style":"default","site-container-layout":"default","site-sidebar-layout":"default","disable-article-header":"default","disable-site-header":"default","disable-site-footer":"default","disable-content-area-spacing":"default","_jetpack_memberships_contains_paid_content":false,"footnotes":"","jetpack_publicize_message":"","jetpack_publicize_feature_enabled":true,"jetpack_social_post_already_shared":true,"jetpack_social_options":{"image_generator_settings":{"template":"highway","default_image_id":0,"font":"","enabled":false},"version":2}},"categories":[1],"tags":[],"class_list":["post-8991","post","type-post","status-publish","format-standard","has-post-thumbnail","hentry","category-uncategorized"],"jetpack_publicize_connections":[],"jetpack_featured_media_url":"https:\/\/987aldia.com\/web\/wp-content\/uploads\/2025\/09\/68b651266297a.jpg","jetpack_sharing_enabled":true,"_links":{"self":[{"href":"https:\/\/987aldia.com\/web\/wp-json\/wp\/v2\/posts\/8991","targetHints":{"allow":["GET"]}}],"collection":[{"href":"https:\/\/987aldia.com\/web\/wp-json\/wp\/v2\/posts"}],"about":[{"href":"https:\/\/987aldia.com\/web\/wp-json\/wp\/v2\/types\/post"}],"author":[{"embeddable":true,"href":"https:\/\/987aldia.com\/web\/wp-json\/wp\/v2\/users\/1"}],"replies":[{"embeddable":true,"href":"https:\/\/987aldia.com\/web\/wp-json\/wp\/v2\/comments?post=8991"}],"version-history":[{"count":0,"href":"https:\/\/987aldia.com\/web\/wp-json\/wp\/v2\/posts\/8991\/revisions"}],"wp:featuredmedia":[{"embeddable":true,"href":"https:\/\/987aldia.com\/web\/wp-json\/wp\/v2\/media\/8992"}],"wp:attachment":[{"href":"https:\/\/987aldia.com\/web\/wp-json\/wp\/v2\/media?parent=8991"}],"wp:term":[{"taxonomy":"category","embeddable":true,"href":"https:\/\/987aldia.com\/web\/wp-json\/wp\/v2\/categories?post=8991"},{"taxonomy":"post_tag","embeddable":true,"href":"https:\/\/987aldia.com\/web\/wp-json\/wp\/v2\/tags?post=8991"}],"curies":[{"name":"wp","href":"https:\/\/api.w.org\/{rel}","templated":true}]}}