{"id":8993,"date":"2025-09-02T06:08:12","date_gmt":"2025-09-02T04:08:12","guid":{"rendered":"https:\/\/987aldia.com\/web\/cambio-de-fuego-en-castilla-y-leon-incendios-forestales-bajo-control-incendios-politicos-en-aumento\/"},"modified":"2025-09-02T06:08:12","modified_gmt":"2025-09-02T04:08:12","slug":"cambio-de-fuego-en-castilla-y-leon-incendios-forestales-bajo-control-incendios-politicos-en-aumento","status":"publish","type":"post","link":"https:\/\/987aldia.com\/web\/cambio-de-fuego-en-castilla-y-leon-incendios-forestales-bajo-control-incendios-politicos-en-aumento\/","title":{"rendered":"Cambio de fuego en Castilla y Le\u00f3n: incendios forestales bajo control, incendios pol\u00edticos en aumento."},"content":{"rendered":"<p>En medio de la intensa temporada de incendios forestales que azota a Castilla y Le\u00f3n, una nueva llama amenaza con propagarse sin control: los incendios pol\u00edticos. Mientras los bomberos luchan valientemente para apaciguar las llamas que devoran la naturaleza, en el \u00e1mbito pol\u00edtico se encienden controversias y conflictos que amenazan con consumir la estabilidad de la regi\u00f3n.<\/p>\n<p>Las diferencias ideol\u00f3gicas y los intereses partidistas han avivado el fuego de la discordia en la arena pol\u00edtica, provocando una creciente preocupaci\u00f3n entre la poblaci\u00f3n. Mientras los ciudadanos claman por soluciones urgentes para combatir los incendios forestales, los l\u00edderes pol\u00edticos parecen m\u00e1s preocupados por sus propias disputas y rivalidades.<\/p>\n<p>Ante esta situaci\u00f3n, se hace evidente la necesidad de unir esfuerzos y trabajar en conjunto para extinguir tanto las llamas de los incendios forestales como las tensiones pol\u00edticas que amenazan con desestabilizar la regi\u00f3n. La prioridad debe ser proteger el patrimonio natural y el bienestar de la ciudadan\u00eda, dejando de lado las diferencias partidistas en aras del inter\u00e9s com\u00fan.<\/p>\n<p>En medio de la adversidad, surge la oportunidad de demostrar la fortaleza y la solidaridad de Castilla y Le\u00f3n. Es momento de dejar de avivar los incendios pol\u00edticos y concentrar nuestros esfuerzos en proteger y preservar nuestro entorno natural, que es el verdadero tesoro de nuestra tierra.<\/p>\n","protected":false},"excerpt":{"rendered":"<p>En medio de la intensa temporada de incendios forestales que azota a Castilla y Le\u00f3n, una nueva llama amenaza con propagarse sin control: los incendios pol\u00edticos. Mientras los bomberos luchan valientemente para apaciguar las llamas que devoran la naturaleza, en el \u00e1mbito pol\u00edtico se encienden controversias y conflictos que amenazan con consumir la estabilidad de [&hellip;]<\/p>\n","protected":false},"author":1,"featured_media":8994,"comment_status":"open","ping_status":"closed","sticky":false,"template":"","format":"standard","meta":{"_monsterinsights_skip_tracking":false,"_monsterinsights_sitenote_active":false,"_monsterinsights_sitenote_note":"","_monsterinsights_sitenote_category":0,"site-container-style":"default","site-container-layout":"default","site-sidebar-layout":"default","disable-article-header":"default","disable-site-header":"default","disable-site-footer":"default","disable-content-area-spacing":"default","_jetpack_memberships_contains_paid_content":false,"footnotes":"","jetpack_publicize_message":"","jetpack_publicize_feature_enabled":true,"jetpack_social_post_already_shared":true,"jetpack_social_options":{"image_generator_settings":{"template":"highway","default_image_id":0,"font":"","enabled":false},"version":2}},"categories":[1],"tags":[],"class_list":["post-8993","post","type-post","status-publish","format-standard","has-post-thumbnail","hentry","category-uncategorized"],"jetpack_publicize_connections":[],"jetpack_featured_media_url":"https:\/\/987aldia.com\/web\/wp-content\/uploads\/2025\/09\/68b66dac993d0.jpg","jetpack_sharing_enabled":true,"_links":{"self":[{"href":"https:\/\/987aldia.com\/web\/wp-json\/wp\/v2\/posts\/8993","targetHints":{"allow":["GET"]}}],"collection":[{"href":"https:\/\/987aldia.com\/web\/wp-json\/wp\/v2\/posts"}],"about":[{"href":"https:\/\/987aldia.com\/web\/wp-json\/wp\/v2\/types\/post"}],"author":[{"embeddable":true,"href":"https:\/\/987aldia.com\/web\/wp-json\/wp\/v2\/users\/1"}],"replies":[{"embeddable":true,"href":"https:\/\/987aldia.com\/web\/wp-json\/wp\/v2\/comments?post=8993"}],"version-history":[{"count":0,"href":"https:\/\/987aldia.com\/web\/wp-json\/wp\/v2\/posts\/8993\/revisions"}],"wp:featuredmedia":[{"embeddable":true,"href":"https:\/\/987aldia.com\/web\/wp-json\/wp\/v2\/media\/8994"}],"wp:attachment":[{"href":"https:\/\/987aldia.com\/web\/wp-json\/wp\/v2\/media?parent=8993"}],"wp:term":[{"taxonomy":"category","embeddable":true,"href":"https:\/\/987aldia.com\/web\/wp-json\/wp\/v2\/categories?post=8993"},{"taxonomy":"post_tag","embeddable":true,"href":"https:\/\/987aldia.com\/web\/wp-json\/wp\/v2\/tags?post=8993"}],"curies":[{"name":"wp","href":"https:\/\/api.w.org\/{rel}","templated":true}]}}