{"id":9001,"date":"2025-09-02T14:05:32","date_gmt":"2025-09-02T12:05:32","guid":{"rendered":"https:\/\/987aldia.com\/web\/fasgar-incendio-rebajado-a-nivel-1-y-disuelto-el-cecopi-en-la-provincia\/"},"modified":"2025-09-02T14:05:32","modified_gmt":"2025-09-02T12:05:32","slug":"fasgar-incendio-rebajado-a-nivel-1-y-disuelto-el-cecopi-en-la-provincia","status":"publish","type":"post","link":"https:\/\/987aldia.com\/web\/fasgar-incendio-rebajado-a-nivel-1-y-disuelto-el-cecopi-en-la-provincia\/","title":{"rendered":"Fasgar: Incendio rebajado a nivel 1 y disuelto el Cecopi en la provincia"},"content":{"rendered":"<p>Las llamas que amenazaban el municipio de Fasgar han sido finalmente controladas, lo que ha llevado a las autoridades a reducir el nivel de alerta del incendio a 1. Tras intensas jornadas de trabajo por parte de los equipos de emergencia, el Centro de Coordinaci\u00f3n Operativa Integrado (Cecopi) provincial ha sido disuelto al considerarse que la situaci\u00f3n est\u00e1 controlada.<\/p>\n<p>Sin embargo, la preocupaci\u00f3n persiste en las zonas afectadas por los incendios de Porto-La Ba\u00f1a y Barniedo de la Reina-Carda\u00f1o de Arriba, donde los fuegos contin\u00faan activos y se mantienen en un nivel de alerta 1. Los esfuerzos de los bomberos y brigadas forestales se centran ahora en contener y extinguir estos incendios para evitar que se propaguen y causen m\u00e1s da\u00f1os.<\/p>\n<p>La colaboraci\u00f3n de los vecinos, voluntarios y autoridades ha sido fundamental para hacer frente a esta emergencia, demostrando una vez m\u00e1s la solidaridad y capacidad de respuesta de la comunidad ante situaciones de crisis. Se espera que las condiciones meteorol\u00f3gicas favorables en los pr\u00f3ximos d\u00edas ayuden en las labores de extinci\u00f3n y permitan controlar por completo los incendios en estas zonas.<\/p>\n","protected":false},"excerpt":{"rendered":"<p>Las llamas que amenazaban el municipio de Fasgar han sido finalmente controladas, lo que ha llevado a las autoridades a reducir el nivel de alerta del incendio a 1. Tras intensas jornadas de trabajo por parte de los equipos de emergencia, el Centro de Coordinaci\u00f3n Operativa Integrado (Cecopi) provincial ha sido disuelto al considerarse que [&hellip;]<\/p>\n","protected":false},"author":1,"featured_media":9002,"comment_status":"open","ping_status":"closed","sticky":false,"template":"","format":"standard","meta":{"_monsterinsights_skip_tracking":false,"_monsterinsights_sitenote_active":false,"_monsterinsights_sitenote_note":"","_monsterinsights_sitenote_category":0,"site-container-style":"default","site-container-layout":"default","site-sidebar-layout":"default","disable-article-header":"default","disable-site-header":"default","disable-site-footer":"default","disable-content-area-spacing":"default","_jetpack_memberships_contains_paid_content":false,"footnotes":"","jetpack_publicize_message":"","jetpack_publicize_feature_enabled":true,"jetpack_social_post_already_shared":true,"jetpack_social_options":{"image_generator_settings":{"template":"highway","default_image_id":0,"font":"","enabled":false},"version":2}},"categories":[1],"tags":[],"class_list":["post-9001","post","type-post","status-publish","format-standard","has-post-thumbnail","hentry","category-uncategorized"],"jetpack_publicize_connections":[],"jetpack_featured_media_url":"https:\/\/987aldia.com\/web\/wp-content\/uploads\/2025\/09\/68b6dd8cc6397.jpg","jetpack_sharing_enabled":true,"_links":{"self":[{"href":"https:\/\/987aldia.com\/web\/wp-json\/wp\/v2\/posts\/9001","targetHints":{"allow":["GET"]}}],"collection":[{"href":"https:\/\/987aldia.com\/web\/wp-json\/wp\/v2\/posts"}],"about":[{"href":"https:\/\/987aldia.com\/web\/wp-json\/wp\/v2\/types\/post"}],"author":[{"embeddable":true,"href":"https:\/\/987aldia.com\/web\/wp-json\/wp\/v2\/users\/1"}],"replies":[{"embeddable":true,"href":"https:\/\/987aldia.com\/web\/wp-json\/wp\/v2\/comments?post=9001"}],"version-history":[{"count":0,"href":"https:\/\/987aldia.com\/web\/wp-json\/wp\/v2\/posts\/9001\/revisions"}],"wp:featuredmedia":[{"embeddable":true,"href":"https:\/\/987aldia.com\/web\/wp-json\/wp\/v2\/media\/9002"}],"wp:attachment":[{"href":"https:\/\/987aldia.com\/web\/wp-json\/wp\/v2\/media?parent=9001"}],"wp:term":[{"taxonomy":"category","embeddable":true,"href":"https:\/\/987aldia.com\/web\/wp-json\/wp\/v2\/categories?post=9001"},{"taxonomy":"post_tag","embeddable":true,"href":"https:\/\/987aldia.com\/web\/wp-json\/wp\/v2\/tags?post=9001"}],"curies":[{"name":"wp","href":"https:\/\/api.w.org\/{rel}","templated":true}]}}