{"id":9021,"date":"2025-09-03T04:05:28","date_gmt":"2025-09-03T02:05:28","guid":{"rendered":"https:\/\/987aldia.com\/web\/antiguos-companeros-del-instituto-de-cistierna-se-reencuentran-despues-de-anos-sin-verse\/"},"modified":"2025-09-03T04:05:28","modified_gmt":"2025-09-03T02:05:28","slug":"antiguos-companeros-del-instituto-de-cistierna-se-reencuentran-despues-de-anos-sin-verse","status":"publish","type":"post","link":"https:\/\/987aldia.com\/web\/antiguos-companeros-del-instituto-de-cistierna-se-reencuentran-despues-de-anos-sin-verse\/","title":{"rendered":"Antiguos compa\u00f1eros del instituto de Cistierna se reencuentran despu\u00e9s de a\u00f1os sin verse"},"content":{"rendered":"<p>El pasado fin de semana, el instituto de Cistierna fue testigo de un emotivo reencuentro entre antiguos alumnos, quienes se reunieron para recordar viejas an\u00e9cdotas y compartir sus experiencias desde que abandonaron las aulas. La jornada estuvo marcada por la nostalgia y la alegr\u00eda de reencontrarse con compa\u00f1eros con los que compartieron tantos momentos durante su etapa escolar.<\/p>\n<p>Entre abrazos, risas y recuerdos, los exalumnos rememoraron an\u00e9cdotas de sus travesuras en el instituto, recordaron a antiguos profesores y revivieron momentos que marcaron sus vidas. Algunos de ellos viajaron desde diferentes partes del pa\u00eds para participar en este reencuentro, demostrando la importancia que tiene para ellos mantener viva la conexi\u00f3n con sus compa\u00f1eros de la juventud.<\/p>\n<p>El evento estuvo cargado de emoci\u00f3n y camarader\u00eda, con muestras de cari\u00f1o y complicidad entre quienes, en su d\u00eda, compartieron pupitre y meriendas en el patio del instituto. Sin duda, este reencuentro sirvi\u00f3 para fortalecer la amistad y el v\u00ednculo entre estos antiguos alumnos, quienes se comprometieron a seguir organizando encuentros en el futuro para mantener viva la llama de la amistad forjada en las aulas de Cistierna.<\/p>\n","protected":false},"excerpt":{"rendered":"<p>El pasado fin de semana, el instituto de Cistierna fue testigo de un emotivo reencuentro entre antiguos alumnos, quienes se reunieron para recordar viejas an\u00e9cdotas y compartir sus experiencias desde que abandonaron las aulas. La jornada estuvo marcada por la nostalgia y la alegr\u00eda de reencontrarse con compa\u00f1eros con los que compartieron tantos momentos durante [&hellip;]<\/p>\n","protected":false},"author":1,"featured_media":9022,"comment_status":"open","ping_status":"closed","sticky":false,"template":"","format":"standard","meta":{"_monsterinsights_skip_tracking":false,"_monsterinsights_sitenote_active":false,"_monsterinsights_sitenote_note":"","_monsterinsights_sitenote_category":0,"site-container-style":"default","site-container-layout":"default","site-sidebar-layout":"default","disable-article-header":"default","disable-site-header":"default","disable-site-footer":"default","disable-content-area-spacing":"default","_jetpack_memberships_contains_paid_content":false,"footnotes":"","jetpack_publicize_message":"","jetpack_publicize_feature_enabled":true,"jetpack_social_post_already_shared":true,"jetpack_social_options":{"image_generator_settings":{"template":"highway","default_image_id":0,"font":"","enabled":false},"version":2}},"categories":[1],"tags":[],"class_list":["post-9021","post","type-post","status-publish","format-standard","has-post-thumbnail","hentry","category-uncategorized"],"jetpack_publicize_connections":[],"jetpack_featured_media_url":"https:\/\/987aldia.com\/web\/wp-content\/uploads\/2025\/09\/68b7a268219e1.jpg","jetpack_sharing_enabled":true,"_links":{"self":[{"href":"https:\/\/987aldia.com\/web\/wp-json\/wp\/v2\/posts\/9021","targetHints":{"allow":["GET"]}}],"collection":[{"href":"https:\/\/987aldia.com\/web\/wp-json\/wp\/v2\/posts"}],"about":[{"href":"https:\/\/987aldia.com\/web\/wp-json\/wp\/v2\/types\/post"}],"author":[{"embeddable":true,"href":"https:\/\/987aldia.com\/web\/wp-json\/wp\/v2\/users\/1"}],"replies":[{"embeddable":true,"href":"https:\/\/987aldia.com\/web\/wp-json\/wp\/v2\/comments?post=9021"}],"version-history":[{"count":0,"href":"https:\/\/987aldia.com\/web\/wp-json\/wp\/v2\/posts\/9021\/revisions"}],"wp:featuredmedia":[{"embeddable":true,"href":"https:\/\/987aldia.com\/web\/wp-json\/wp\/v2\/media\/9022"}],"wp:attachment":[{"href":"https:\/\/987aldia.com\/web\/wp-json\/wp\/v2\/media?parent=9021"}],"wp:term":[{"taxonomy":"category","embeddable":true,"href":"https:\/\/987aldia.com\/web\/wp-json\/wp\/v2\/categories?post=9021"},{"taxonomy":"post_tag","embeddable":true,"href":"https:\/\/987aldia.com\/web\/wp-json\/wp\/v2\/tags?post=9021"}],"curies":[{"name":"wp","href":"https:\/\/api.w.org\/{rel}","templated":true}]}}