{"id":9031,"date":"2025-09-03T12:33:05","date_gmt":"2025-09-03T10:33:05","guid":{"rendered":"https:\/\/987aldia.com\/web\/villahierro-relaja-las-condiciones-a-ocho-peligrosos-reclusos-aplicando-el-segundo-grado\/"},"modified":"2025-09-03T12:33:05","modified_gmt":"2025-09-03T10:33:05","slug":"villahierro-relaja-las-condiciones-a-ocho-peligrosos-reclusos-aplicando-el-segundo-grado","status":"publish","type":"post","link":"https:\/\/987aldia.com\/web\/villahierro-relaja-las-condiciones-a-ocho-peligrosos-reclusos-aplicando-el-segundo-grado\/","title":{"rendered":"Villahierro relaja las condiciones a ocho peligrosos reclusos aplicando el segundo grado"},"content":{"rendered":"<p>El Centro Penitenciario Provincial de Villahierro, ubicado en Mansilla de las Mulas, Le\u00f3n, ha decidido relajar las restricciones para ocho reclusos considerados peligrosos, aplicando el segundo grado de r\u00e9gimen penitenciario. Esta medida se enmarca dentro de la nueva directiva del Ministerio del Interior, liderada por Fernando Grande Marlaska, que busca mejorar la reinserci\u00f3n social de los internos. La decisi\u00f3n afecta a aquellos reclusos que, bajo el art\u00edculo 75.1, han protagonizado incidentes regimentales, pero que ahora se beneficiar\u00e1n de un r\u00e9gimen menos restrictivo.<\/p>\n<p>El contexto de esta medida se remonta a 2019, cuando se implement\u00f3 el Programa de intervenci\u00f3n con internos en r\u00e9gimen cerrado, buscando reducir el n\u00famero de internos en primer grado. Actualmente, el establecimiento penitenciario de Villahierro cuenta con dos grados de r\u00e9gimen cerrado: el art\u00edculo 91.3, destinado a los internos m\u00e1s peligrosos, y el art\u00edculo 91.2, correspondiente al primer grado. La modificaci\u00f3n actual afecta a los internos de segundo grado, permiti\u00e9ndoles un r\u00e9gimen m\u00e1s flexible.<\/p>\n<p>La prisi\u00f3n de Villahierro, con una capacidad para 1,072 plazas, alberga actualmente a 1,100 internos, lo que evidencia una sobreocupaci\u00f3n. Adem\u00e1s, el personal m\u00e9dico se encuentra reducido, con solo 3 profesionales de un total de 10, lo que agrava la situaci\u00f3n de atenci\u00f3n sanitaria dentro del recinto.<\/p>\n<p>Fernando Mart\u00ednez, secretario provincial de la Asociaci\u00f3n Profesional de Funcionarios de Prisiones en Le\u00f3n (APFP), ha expresado su preocupaci\u00f3n por la problem\u00e1tica que presentan las estad\u00edsticas del Ministerio del Interior, as\u00ed como por la falta de personal en la prisi\u00f3n, lo que podr\u00eda afectar la implementaci\u00f3n efectiva de estas nuevas medidas.<\/p>\n<p>El impacto local de esta decisi\u00f3n en la provincia de Le\u00f3n y en Castilla y Le\u00f3n es significativo, ya que refleja un cambio en la filosof\u00eda de gesti\u00f3n penitenciaria, aline\u00e1ndose con las pol\u00edticas de reinserci\u00f3n social promovidas a nivel nacional. Sin embargo, la sobreocupaci\u00f3n y la falta de personal son desaf\u00edos que el centro deber\u00e1 enfrentar para garantizar el \u00e9xito de estas pol\u00edticas.<\/p>\n<p>De cara al futuro, se espera que la aplicaci\u00f3n de estas medidas contribuya a una mejor reintegraci\u00f3n de los internos en la sociedad, aunque ser\u00e1 crucial abordar las carencias de personal y recursos para asegurar que estas pol\u00edticas se implementen de manera efectiva y segura. La evoluci\u00f3n de esta situaci\u00f3n ser\u00e1 clave para evaluar el impacto real de las directivas del Ministerio del Interior en el sistema penitenciario de la regi\u00f3n.<\/p>\n","protected":false},"excerpt":{"rendered":"<p>El Centro Penitenciario de Mansilla de las Mulas ajusta las restricciones siguiendo directivas del Ministerio del Interior<\/p>\n","protected":false},"author":1,"featured_media":9032,"comment_status":"open","ping_status":"closed","sticky":false,"template":"","format":"standard","meta":{"_monsterinsights_skip_tracking":false,"_monsterinsights_sitenote_active":false,"_monsterinsights_sitenote_note":"","_monsterinsights_sitenote_category":0,"site-container-style":"default","site-container-layout":"default","site-sidebar-layout":"default","disable-article-header":"default","disable-site-header":"default","disable-site-footer":"default","disable-content-area-spacing":"default","_jetpack_memberships_contains_paid_content":false,"footnotes":"","jetpack_publicize_message":"","jetpack_publicize_feature_enabled":true,"jetpack_social_post_already_shared":true,"jetpack_social_options":{"image_generator_settings":{"template":"highway","default_image_id":0,"font":"","enabled":false},"version":2}},"categories":[1],"tags":[],"class_list":["post-9031","post","type-post","status-publish","format-standard","has-post-thumbnail","hentry","category-uncategorized"],"jetpack_publicize_connections":[],"jetpack_featured_media_url":"https:\/\/987aldia.com\/web\/wp-content\/uploads\/2025\/09\/especialidad_image_20250903_103123_g8ETtl.png","jetpack_sharing_enabled":true,"_links":{"self":[{"href":"https:\/\/987aldia.com\/web\/wp-json\/wp\/v2\/posts\/9031","targetHints":{"allow":["GET"]}}],"collection":[{"href":"https:\/\/987aldia.com\/web\/wp-json\/wp\/v2\/posts"}],"about":[{"href":"https:\/\/987aldia.com\/web\/wp-json\/wp\/v2\/types\/post"}],"author":[{"embeddable":true,"href":"https:\/\/987aldia.com\/web\/wp-json\/wp\/v2\/users\/1"}],"replies":[{"embeddable":true,"href":"https:\/\/987aldia.com\/web\/wp-json\/wp\/v2\/comments?post=9031"}],"version-history":[{"count":0,"href":"https:\/\/987aldia.com\/web\/wp-json\/wp\/v2\/posts\/9031\/revisions"}],"wp:featuredmedia":[{"embeddable":true,"href":"https:\/\/987aldia.com\/web\/wp-json\/wp\/v2\/media\/9032"}],"wp:attachment":[{"href":"https:\/\/987aldia.com\/web\/wp-json\/wp\/v2\/media?parent=9031"}],"wp:term":[{"taxonomy":"category","embeddable":true,"href":"https:\/\/987aldia.com\/web\/wp-json\/wp\/v2\/categories?post=9031"},{"taxonomy":"post_tag","embeddable":true,"href":"https:\/\/987aldia.com\/web\/wp-json\/wp\/v2\/tags?post=9031"}],"curies":[{"name":"wp","href":"https:\/\/api.w.org\/{rel}","templated":true}]}}