{"id":9053,"date":"2025-09-04T08:05:44","date_gmt":"2025-09-04T06:05:44","guid":{"rendered":"https:\/\/987aldia.com\/web\/la-lastra-denuncia-falta-de-parque-por-incumplimiento-politico\/"},"modified":"2025-09-04T08:05:44","modified_gmt":"2025-09-04T06:05:44","slug":"la-lastra-denuncia-falta-de-parque-por-incumplimiento-politico","status":"publish","type":"post","link":"https:\/\/987aldia.com\/web\/la-lastra-denuncia-falta-de-parque-por-incumplimiento-politico\/","title":{"rendered":"La Lastra denuncia falta de parque por incumplimiento pol\u00edtico"},"content":{"rendered":"<p>Los vecinos de La Lastra siguen sin ver cumplida la promesa de contar con un parque en su barrio, lo que consideran \u00abotro enga\u00f1o pol\u00edtico\u00bb por parte del equipo de gobierno municipal. La comunidad local recuerda con indignaci\u00f3n que exist\u00eda una enmienda leonesista en los presupuestos municipales del a\u00f1o 2025 destinada a la construcci\u00f3n de dicho parque, la cual ha sido ignorada y cambiada de zona por las autoridades.<\/p>\n<p>Esta situaci\u00f3n ha generado malestar entre los habitantes de La Lastra, quienes lamentan la falta de compromiso por parte de los gobernantes y la falta de transparencia en la gesti\u00f3n de los recursos p\u00fablicos. Los vecinos exigen respuestas claras y concretas sobre el destino de los fondos asignados para la creaci\u00f3n del parque, as\u00ed como una explicaci\u00f3n detallada de los motivos que han llevado a su cambio de ubicaci\u00f3n.<\/p>\n<p>Ante esta controversia, la comunidad de La Lastra se mantiene en pie de lucha y no descarta emprender acciones para hacer valer sus derechos y exigir el cumplimiento de las promesas electorales. Mientras tanto, el descontento crece en el barrio y la incertidumbre sobre el futuro del tan ansiado parque sigue latente en el ambiente.<\/p>\n","protected":false},"excerpt":{"rendered":"<p>Los vecinos de La Lastra siguen sin ver cumplida la promesa de contar con un parque en su barrio, lo que consideran \u00abotro enga\u00f1o pol\u00edtico\u00bb por parte del equipo de gobierno municipal. La comunidad local recuerda con indignaci\u00f3n que exist\u00eda una enmienda leonesista en los presupuestos municipales del a\u00f1o 2025 destinada a la construcci\u00f3n de [&hellip;]<\/p>\n","protected":false},"author":1,"featured_media":9054,"comment_status":"open","ping_status":"closed","sticky":false,"template":"","format":"standard","meta":{"_monsterinsights_skip_tracking":false,"_monsterinsights_sitenote_active":false,"_monsterinsights_sitenote_note":"","_monsterinsights_sitenote_category":0,"site-container-style":"default","site-container-layout":"default","site-sidebar-layout":"default","disable-article-header":"default","disable-site-header":"default","disable-site-footer":"default","disable-content-area-spacing":"default","_jetpack_memberships_contains_paid_content":false,"footnotes":"","jetpack_publicize_message":"","jetpack_publicize_feature_enabled":true,"jetpack_social_post_already_shared":true,"jetpack_social_options":{"image_generator_settings":{"template":"highway","default_image_id":0,"font":"","enabled":false},"version":2}},"categories":[1],"tags":[],"class_list":["post-9053","post","type-post","status-publish","format-standard","has-post-thumbnail","hentry","category-uncategorized"],"jetpack_publicize_connections":[],"jetpack_featured_media_url":"https:\/\/987aldia.com\/web\/wp-content\/uploads\/2025\/09\/68b92c3800b57.jpg","jetpack_sharing_enabled":true,"_links":{"self":[{"href":"https:\/\/987aldia.com\/web\/wp-json\/wp\/v2\/posts\/9053","targetHints":{"allow":["GET"]}}],"collection":[{"href":"https:\/\/987aldia.com\/web\/wp-json\/wp\/v2\/posts"}],"about":[{"href":"https:\/\/987aldia.com\/web\/wp-json\/wp\/v2\/types\/post"}],"author":[{"embeddable":true,"href":"https:\/\/987aldia.com\/web\/wp-json\/wp\/v2\/users\/1"}],"replies":[{"embeddable":true,"href":"https:\/\/987aldia.com\/web\/wp-json\/wp\/v2\/comments?post=9053"}],"version-history":[{"count":0,"href":"https:\/\/987aldia.com\/web\/wp-json\/wp\/v2\/posts\/9053\/revisions"}],"wp:featuredmedia":[{"embeddable":true,"href":"https:\/\/987aldia.com\/web\/wp-json\/wp\/v2\/media\/9054"}],"wp:attachment":[{"href":"https:\/\/987aldia.com\/web\/wp-json\/wp\/v2\/media?parent=9053"}],"wp:term":[{"taxonomy":"category","embeddable":true,"href":"https:\/\/987aldia.com\/web\/wp-json\/wp\/v2\/categories?post=9053"},{"taxonomy":"post_tag","embeddable":true,"href":"https:\/\/987aldia.com\/web\/wp-json\/wp\/v2\/tags?post=9053"}],"curies":[{"name":"wp","href":"https:\/\/api.w.org\/{rel}","templated":true}]}}