{"id":9059,"date":"2025-09-04T12:05:26","date_gmt":"2025-09-04T10:05:26","guid":{"rendered":"https:\/\/987aldia.com\/web\/anuncian-el-cartel-inicial-del-purple-weekend-2025-conoce-las-bandas-confirmadas\/"},"modified":"2025-09-04T12:05:26","modified_gmt":"2025-09-04T10:05:26","slug":"anuncian-el-cartel-inicial-del-purple-weekend-2025-conoce-las-bandas-confirmadas","status":"publish","type":"post","link":"https:\/\/987aldia.com\/web\/anuncian-el-cartel-inicial-del-purple-weekend-2025-conoce-las-bandas-confirmadas\/","title":{"rendered":"Anuncian el cartel inicial del Purple Weekend 2025: \u00a1Conoce las bandas confirmadas!"},"content":{"rendered":"<p>El esperado regreso del Purple Weekend 2025 ha generado gran expectativa entre los amantes de la m\u00fasica en Le\u00f3n y alrededores. Este emblem\u00e1tico festival, reconocido por su ecl\u00e9ctica propuesta musical que abarca desde el punk hasta el rock brit\u00e1nico, promete una edici\u00f3n vibrante que no dejar\u00e1 indiferente a nadie.<\/p>\n<p>Las primeras bandas confirmadas para el evento han sido recibidas con entusiasmo por parte del p\u00fablico, que ya se prepara para disfrutar de actuaciones en vivo de primer nivel. Con una selecci\u00f3n cuidadosamente curada, el Purple Weekend 2025 promete ofrecer una experiencia \u00fanica para los asistentes, que podr\u00e1n sumergirse en la atm\u00f3sfera inigualable del Espacio V\u00edas.<\/p>\n<p>Con esta propuesta, el festival reafirma su compromiso con la m\u00fasica independiente y la diversidad de g\u00e9neros, consolid\u00e1ndose como una cita obligada para los amantes de la buena m\u00fasica en la regi\u00f3n. \u00a1Prep\u00e1rate para vivir una experiencia inolvidable en el Purple Weekend 2025!<\/p>\n","protected":false},"excerpt":{"rendered":"<p>El esperado regreso del Purple Weekend 2025 ha generado gran expectativa entre los amantes de la m\u00fasica en Le\u00f3n y alrededores. Este emblem\u00e1tico festival, reconocido por su ecl\u00e9ctica propuesta musical que abarca desde el punk hasta el rock brit\u00e1nico, promete una edici\u00f3n vibrante que no dejar\u00e1 indiferente a nadie. Las primeras bandas confirmadas para el [&hellip;]<\/p>\n","protected":false},"author":1,"featured_media":9060,"comment_status":"open","ping_status":"closed","sticky":false,"template":"","format":"standard","meta":{"_monsterinsights_skip_tracking":false,"_monsterinsights_sitenote_active":false,"_monsterinsights_sitenote_note":"","_monsterinsights_sitenote_category":0,"site-container-style":"default","site-container-layout":"default","site-sidebar-layout":"default","disable-article-header":"default","disable-site-header":"default","disable-site-footer":"default","disable-content-area-spacing":"default","_jetpack_memberships_contains_paid_content":false,"footnotes":"","jetpack_publicize_message":"","jetpack_publicize_feature_enabled":true,"jetpack_social_post_already_shared":true,"jetpack_social_options":{"image_generator_settings":{"template":"highway","default_image_id":0,"font":"","enabled":false},"version":2}},"categories":[1],"tags":[],"class_list":["post-9059","post","type-post","status-publish","format-standard","has-post-thumbnail","hentry","category-uncategorized"],"jetpack_publicize_connections":[],"jetpack_featured_media_url":"https:\/\/987aldia.com\/web\/wp-content\/uploads\/2025\/09\/68b96466ab1ef.jpg","jetpack_sharing_enabled":true,"_links":{"self":[{"href":"https:\/\/987aldia.com\/web\/wp-json\/wp\/v2\/posts\/9059","targetHints":{"allow":["GET"]}}],"collection":[{"href":"https:\/\/987aldia.com\/web\/wp-json\/wp\/v2\/posts"}],"about":[{"href":"https:\/\/987aldia.com\/web\/wp-json\/wp\/v2\/types\/post"}],"author":[{"embeddable":true,"href":"https:\/\/987aldia.com\/web\/wp-json\/wp\/v2\/users\/1"}],"replies":[{"embeddable":true,"href":"https:\/\/987aldia.com\/web\/wp-json\/wp\/v2\/comments?post=9059"}],"version-history":[{"count":0,"href":"https:\/\/987aldia.com\/web\/wp-json\/wp\/v2\/posts\/9059\/revisions"}],"wp:featuredmedia":[{"embeddable":true,"href":"https:\/\/987aldia.com\/web\/wp-json\/wp\/v2\/media\/9060"}],"wp:attachment":[{"href":"https:\/\/987aldia.com\/web\/wp-json\/wp\/v2\/media?parent=9059"}],"wp:term":[{"taxonomy":"category","embeddable":true,"href":"https:\/\/987aldia.com\/web\/wp-json\/wp\/v2\/categories?post=9059"},{"taxonomy":"post_tag","embeddable":true,"href":"https:\/\/987aldia.com\/web\/wp-json\/wp\/v2\/tags?post=9059"}],"curies":[{"name":"wp","href":"https:\/\/api.w.org\/{rel}","templated":true}]}}