{"id":9063,"date":"2025-09-04T16:05:27","date_gmt":"2025-09-04T14:05:27","guid":{"rendered":"https:\/\/987aldia.com\/web\/upl-exige-al-consejero-de-la-presidencia-resolver-el-conflicto-con-el-interventor-de-san-andres\/"},"modified":"2025-09-04T16:05:27","modified_gmt":"2025-09-04T14:05:27","slug":"upl-exige-al-consejero-de-la-presidencia-resolver-el-conflicto-con-el-interventor-de-san-andres","status":"publish","type":"post","link":"https:\/\/987aldia.com\/web\/upl-exige-al-consejero-de-la-presidencia-resolver-el-conflicto-con-el-interventor-de-san-andres\/","title":{"rendered":"UPL exige al consejero de la Presidencia resolver el conflicto con el interventor de San Andr\u00e9s"},"content":{"rendered":"<p>En medio de la pol\u00e9mica que ha surgido en torno al problema del interventor de San Andr\u00e9s, la Uni\u00f3n Popular de Libertades (UPL) ha elevado su voz exigiendo al consejero de la Presidencia una pronta soluci\u00f3n. El conflicto, que ha generado un gran revuelo en la localidad, parece estar lejos de resolverse y ha puesto en entredicho la gesti\u00f3n administrativa del municipio.<\/p>\n<p>La UPL ha manifestado su preocupaci\u00f3n por la situaci\u00f3n actual y ha solicitado al consejero medidas concretas para resolver este impase de manera efectiva y transparente. Mientras tanto, los habitantes de San Andr\u00e9s se mantienen a la espera de una soluci\u00f3n que ponga fin a esta crisis que ha generado incertidumbre y malestar entre la poblaci\u00f3n.<\/p>\n<p>Ante este escenario, la presi\u00f3n sobre las autoridades locales contin\u00faa en aumento y se espera que en los pr\u00f3ximos d\u00edas se puedan tomar decisiones que permitan restablecer la normalidad en el municipio y recuperar la confianza de los ciudadanos en sus instituciones.<\/p>\n","protected":false},"excerpt":{"rendered":"<p>En medio de la pol\u00e9mica que ha surgido en torno al problema del interventor de San Andr\u00e9s, la Uni\u00f3n Popular de Libertades (UPL) ha elevado su voz exigiendo al consejero de la Presidencia una pronta soluci\u00f3n. El conflicto, que ha generado un gran revuelo en la localidad, parece estar lejos de resolverse y ha puesto [&hellip;]<\/p>\n","protected":false},"author":1,"featured_media":9064,"comment_status":"open","ping_status":"closed","sticky":false,"template":"","format":"standard","meta":{"_monsterinsights_skip_tracking":false,"_monsterinsights_sitenote_active":false,"_monsterinsights_sitenote_note":"","_monsterinsights_sitenote_category":0,"site-container-style":"default","site-container-layout":"default","site-sidebar-layout":"default","disable-article-header":"default","disable-site-header":"default","disable-site-footer":"default","disable-content-area-spacing":"default","_jetpack_memberships_contains_paid_content":false,"footnotes":"","jetpack_publicize_message":"","jetpack_publicize_feature_enabled":true,"jetpack_social_post_already_shared":true,"jetpack_social_options":{"image_generator_settings":{"template":"highway","default_image_id":0,"font":"","enabled":false},"version":2}},"categories":[1],"tags":[],"class_list":["post-9063","post","type-post","status-publish","format-standard","has-post-thumbnail","hentry","category-uncategorized"],"jetpack_publicize_connections":[],"jetpack_featured_media_url":"https:\/\/987aldia.com\/web\/wp-content\/uploads\/2025\/09\/68b99ca7083f8.jpg","jetpack_sharing_enabled":true,"_links":{"self":[{"href":"https:\/\/987aldia.com\/web\/wp-json\/wp\/v2\/posts\/9063","targetHints":{"allow":["GET"]}}],"collection":[{"href":"https:\/\/987aldia.com\/web\/wp-json\/wp\/v2\/posts"}],"about":[{"href":"https:\/\/987aldia.com\/web\/wp-json\/wp\/v2\/types\/post"}],"author":[{"embeddable":true,"href":"https:\/\/987aldia.com\/web\/wp-json\/wp\/v2\/users\/1"}],"replies":[{"embeddable":true,"href":"https:\/\/987aldia.com\/web\/wp-json\/wp\/v2\/comments?post=9063"}],"version-history":[{"count":0,"href":"https:\/\/987aldia.com\/web\/wp-json\/wp\/v2\/posts\/9063\/revisions"}],"wp:featuredmedia":[{"embeddable":true,"href":"https:\/\/987aldia.com\/web\/wp-json\/wp\/v2\/media\/9064"}],"wp:attachment":[{"href":"https:\/\/987aldia.com\/web\/wp-json\/wp\/v2\/media?parent=9063"}],"wp:term":[{"taxonomy":"category","embeddable":true,"href":"https:\/\/987aldia.com\/web\/wp-json\/wp\/v2\/categories?post=9063"},{"taxonomy":"post_tag","embeddable":true,"href":"https:\/\/987aldia.com\/web\/wp-json\/wp\/v2\/tags?post=9063"}],"curies":[{"name":"wp","href":"https:\/\/api.w.org\/{rel}","templated":true}]}}