{"id":9071,"date":"2025-09-05T04:05:58","date_gmt":"2025-09-05T02:05:58","guid":{"rendered":"https:\/\/987aldia.com\/web\/hombre-arrestado-por-vandalismo-despues-de-23-quejas-en-camponaraya\/"},"modified":"2025-09-05T04:05:58","modified_gmt":"2025-09-05T02:05:58","slug":"hombre-arrestado-por-vandalismo-despues-de-23-quejas-en-camponaraya","status":"publish","type":"post","link":"https:\/\/987aldia.com\/web\/hombre-arrestado-por-vandalismo-despues-de-23-quejas-en-camponaraya\/","title":{"rendered":"Hombre arrestado por vandalismo despu\u00e9s de 23 quejas en Camponaraya"},"content":{"rendered":"<p>Un individuo ha sido detenido en la localidad de Camponaraya tras haber acumulado un total de 23 denuncias por pintadas en diferentes zonas del municipio. Seg\u00fan fuentes policiales, el detenido, cuya identidad no ha sido revelada, ha sido vinculado a numerosos actos vand\u00e1licos que han causado malestar entre los vecinos y autoridades locales.<\/p>\n<p>Las pintadas, realizadas en paredes, fachadas y mobiliario urbano, han generado una gran preocupaci\u00f3n en la comunidad, que ve en este tipo de actos una falta de respeto hacia el patrimonio y la convivencia en el entorno. Ante la repetici\u00f3n de estos hechos, las autoridades han intensificado las labores de vigilancia y control para dar con el responsable.<\/p>\n<p>El detenido enfrentar\u00e1 cargos por da\u00f1os a la propiedad p\u00fablica y privada, as\u00ed como por alteraci\u00f3n del orden p\u00fablico. Se espera que el caso sea llevado a juicio para determinar las consecuencias legales de sus acciones. Mientras tanto, la poblaci\u00f3n de Camponaraya espera que este incidente sirva como advertencia para aquellos que buscan perturbar la armon\u00eda y el buen estado de la localidad con actos de vandalismo.<\/p>\n","protected":false},"excerpt":{"rendered":"<p>Un individuo ha sido detenido en la localidad de Camponaraya tras haber acumulado un total de 23 denuncias por pintadas en diferentes zonas del municipio. Seg\u00fan fuentes policiales, el detenido, cuya identidad no ha sido revelada, ha sido vinculado a numerosos actos vand\u00e1licos que han causado malestar entre los vecinos y autoridades locales. Las pintadas, [&hellip;]<\/p>\n","protected":false},"author":1,"featured_media":9072,"comment_status":"open","ping_status":"closed","sticky":false,"template":"","format":"standard","meta":{"_monsterinsights_skip_tracking":false,"_monsterinsights_sitenote_active":false,"_monsterinsights_sitenote_note":"","_monsterinsights_sitenote_category":0,"site-container-style":"default","site-container-layout":"default","site-sidebar-layout":"default","disable-article-header":"default","disable-site-header":"default","disable-site-footer":"default","disable-content-area-spacing":"default","_jetpack_memberships_contains_paid_content":false,"footnotes":"","jetpack_publicize_message":"","jetpack_publicize_feature_enabled":true,"jetpack_social_post_already_shared":true,"jetpack_social_options":{"image_generator_settings":{"template":"highway","default_image_id":0,"font":"","enabled":false},"version":2}},"categories":[1],"tags":[],"class_list":["post-9071","post","type-post","status-publish","format-standard","has-post-thumbnail","hentry","category-uncategorized"],"jetpack_publicize_connections":[],"jetpack_featured_media_url":"https:\/\/987aldia.com\/web\/wp-content\/uploads\/2025\/09\/68ba45868bc94.jpg","jetpack_sharing_enabled":true,"_links":{"self":[{"href":"https:\/\/987aldia.com\/web\/wp-json\/wp\/v2\/posts\/9071","targetHints":{"allow":["GET"]}}],"collection":[{"href":"https:\/\/987aldia.com\/web\/wp-json\/wp\/v2\/posts"}],"about":[{"href":"https:\/\/987aldia.com\/web\/wp-json\/wp\/v2\/types\/post"}],"author":[{"embeddable":true,"href":"https:\/\/987aldia.com\/web\/wp-json\/wp\/v2\/users\/1"}],"replies":[{"embeddable":true,"href":"https:\/\/987aldia.com\/web\/wp-json\/wp\/v2\/comments?post=9071"}],"version-history":[{"count":0,"href":"https:\/\/987aldia.com\/web\/wp-json\/wp\/v2\/posts\/9071\/revisions"}],"wp:featuredmedia":[{"embeddable":true,"href":"https:\/\/987aldia.com\/web\/wp-json\/wp\/v2\/media\/9072"}],"wp:attachment":[{"href":"https:\/\/987aldia.com\/web\/wp-json\/wp\/v2\/media?parent=9071"}],"wp:term":[{"taxonomy":"category","embeddable":true,"href":"https:\/\/987aldia.com\/web\/wp-json\/wp\/v2\/categories?post=9071"},{"taxonomy":"post_tag","embeddable":true,"href":"https:\/\/987aldia.com\/web\/wp-json\/wp\/v2\/tags?post=9071"}],"curies":[{"name":"wp","href":"https:\/\/api.w.org\/{rel}","templated":true}]}}