{"id":9083,"date":"2025-09-05T11:34:10","date_gmt":"2025-09-05T09:34:10","guid":{"rendered":"https:\/\/987aldia.com\/web\/condenan-a-sacyl-a-pagar-por-la-hormona-del-crecimiento-en-palencia\/"},"modified":"2025-09-05T11:34:10","modified_gmt":"2025-09-05T09:34:10","slug":"condenan-a-sacyl-a-pagar-por-la-hormona-del-crecimiento-en-palencia","status":"publish","type":"post","link":"https:\/\/987aldia.com\/web\/condenan-a-sacyl-a-pagar-por-la-hormona-del-crecimiento-en-palencia\/","title":{"rendered":"Condenan a Sacyl a pagar por la hormona del crecimiento en Palencia"},"content":{"rendered":"<p>El Juzgado de lo Social n\u00ba1 de Palencia ha dictado una sentencia que obliga al Servicio de Salud de Castilla y Le\u00f3n (Sacyl) a pagar 54.037 euros a los padres de un menor por los gastos de farmacia relacionados con la hormona del crecimiento. La sentencia, emitida el 14 de mayo de 2025, es una de las dos resoluciones similares que el mismo juzgado ha dictado en relaci\u00f3n con el tratamiento de menores que sufren d\u00e9ficit de crecimiento. <\/p>\n<p>El caso fue presentado por los Servicios Jur\u00eddicos de la Asociaci\u00f3n el Defensor del Paciente, representados por el letrado Santiago D\u00edez. Seg\u00fan la presidenta de la asociaci\u00f3n, Carmen Flores, estas sentencias evidencian la necesidad de que Sacyl revise su postura respecto a la cobertura de tratamientos esenciales para el desarrollo de menores. <\/p>\n<p>La sentencia del 19 de mayo de 2025 tambi\u00e9n condena a Sacyl por el tratamiento prestado a otro menor, aunque no se han especificado las cifras de esta segunda resoluci\u00f3n. Ambas sentencias reconocen el d\u00e9ficit de crecimiento que padecen los menores afectados y no han sido recurridas por la entidad sanitaria. <\/p>\n<p>Este fallo judicial tiene un impacto significativo en la provincia de Palencia y en toda la comunidad de Castilla y Le\u00f3n, ya que establece un precedente sobre la responsabilidad de Sacyl en la cobertura de tratamientos farmac\u00e9uticos esenciales. A nivel auton\u00f3mico y nacional, el caso podr\u00eda influir en futuras decisiones judiciales relacionadas con la seguridad social y la sanidad p\u00fablica. <\/p>\n<p>Carmen Flores ha criticado abiertamente la posici\u00f3n de Sacyl, afirmando que \u00abla negativa a cubrir estos tratamientos pone en riesgo el desarrollo y bienestar de los menores afectados\u00bb. La asociaci\u00f3n El Defensor del Paciente continuar\u00e1 trabajando para garantizar que los derechos de los pacientes sean respetados y que las entidades sanitarias cumplan con sus obligaciones. <\/p>\n<p>De cara al futuro, se espera que Sacyl revise sus pol\u00edticas de cobertura para evitar futuras condenas y asegurar que todos los pacientes reciban el tratamiento necesario sin tener que recurrir a la v\u00eda judicial. Esta situaci\u00f3n tambi\u00e9n podr\u00eda llevar a un debate m\u00e1s amplio sobre la financiaci\u00f3n de tratamientos farmac\u00e9uticos en el sistema de salud p\u00fablica de Castilla y Le\u00f3n.<\/p>\n","protected":false},"excerpt":{"rendered":"<p>El Juzgado de lo Social n\u00ba1 de Palencia obliga a Sacyl a abonar 54.037 euros por gastos farmac\u00e9uticos<\/p>\n","protected":false},"author":1,"featured_media":9084,"comment_status":"open","ping_status":"closed","sticky":false,"template":"","format":"standard","meta":{"_monsterinsights_skip_tracking":false,"_monsterinsights_sitenote_active":false,"_monsterinsights_sitenote_note":"","_monsterinsights_sitenote_category":0,"site-container-style":"default","site-container-layout":"default","site-sidebar-layout":"default","disable-article-header":"default","disable-site-header":"default","disable-site-footer":"default","disable-content-area-spacing":"default","_jetpack_memberships_contains_paid_content":false,"footnotes":"","jetpack_publicize_message":"","jetpack_publicize_feature_enabled":true,"jetpack_social_post_already_shared":true,"jetpack_social_options":{"image_generator_settings":{"template":"highway","default_image_id":0,"font":"","enabled":false},"version":2}},"categories":[1],"tags":[],"class_list":["post-9083","post","type-post","status-publish","format-standard","has-post-thumbnail","hentry","category-uncategorized"],"jetpack_publicize_connections":[],"jetpack_featured_media_url":"https:\/\/987aldia.com\/web\/wp-content\/uploads\/2025\/09\/especialidad_image_20250905_093255_KGWRFh.png","jetpack_sharing_enabled":true,"_links":{"self":[{"href":"https:\/\/987aldia.com\/web\/wp-json\/wp\/v2\/posts\/9083","targetHints":{"allow":["GET"]}}],"collection":[{"href":"https:\/\/987aldia.com\/web\/wp-json\/wp\/v2\/posts"}],"about":[{"href":"https:\/\/987aldia.com\/web\/wp-json\/wp\/v2\/types\/post"}],"author":[{"embeddable":true,"href":"https:\/\/987aldia.com\/web\/wp-json\/wp\/v2\/users\/1"}],"replies":[{"embeddable":true,"href":"https:\/\/987aldia.com\/web\/wp-json\/wp\/v2\/comments?post=9083"}],"version-history":[{"count":0,"href":"https:\/\/987aldia.com\/web\/wp-json\/wp\/v2\/posts\/9083\/revisions"}],"wp:featuredmedia":[{"embeddable":true,"href":"https:\/\/987aldia.com\/web\/wp-json\/wp\/v2\/media\/9084"}],"wp:attachment":[{"href":"https:\/\/987aldia.com\/web\/wp-json\/wp\/v2\/media?parent=9083"}],"wp:term":[{"taxonomy":"category","embeddable":true,"href":"https:\/\/987aldia.com\/web\/wp-json\/wp\/v2\/categories?post=9083"},{"taxonomy":"post_tag","embeddable":true,"href":"https:\/\/987aldia.com\/web\/wp-json\/wp\/v2\/tags?post=9083"}],"curies":[{"name":"wp","href":"https:\/\/api.w.org\/{rel}","templated":true}]}}