{"id":9089,"date":"2025-09-05T14:54:43","date_gmt":"2025-09-05T12:54:43","guid":{"rendered":"https:\/\/987aldia.com\/web\/suspension-del-rally-sprint-valle-de-laciana-en-villablino-por-decision-de-la-junta-de-castilla-y-leon\/"},"modified":"2025-09-05T14:54:43","modified_gmt":"2025-09-05T12:54:43","slug":"suspension-del-rally-sprint-valle-de-laciana-en-villablino-por-decision-de-la-junta-de-castilla-y-leon","status":"publish","type":"post","link":"https:\/\/987aldia.com\/web\/suspension-del-rally-sprint-valle-de-laciana-en-villablino-por-decision-de-la-junta-de-castilla-y-leon\/","title":{"rendered":"Suspensi\u00f3n del Rally Sprint Valle de Laciana en Villablino por decisi\u00f3n de la Junta de Castilla y Le\u00f3n"},"content":{"rendered":"<p>El Ayuntamiento de Villablino ha anunciado la suspensi\u00f3n del &#8216;XII Rally Sprint Valle de Laciana&#8217;, que estaba programado para los d\u00edas 5 y 6 de septiembre de 2023. La decisi\u00f3n se debe a la revocaci\u00f3n de la autorizaci\u00f3n oficial por parte de la Junta de Castilla y Le\u00f3n, que ha considerado los riesgos a\u00f1adidos que el evento podr\u00eda suponer para las zonas de alto valor ecol\u00f3gico, como el parque natural y los montes de utilidad p\u00fablica de la regi\u00f3n. Esta medida ha sido comunicada el 7 de septiembre de 2023, generando un impacto significativo entre los aficionados al automovilismo en la provincia de Le\u00f3n y alrededores.<\/p>\n<p>El contexto de la suspensi\u00f3n se enmarca en una creciente preocupaci\u00f3n por la conservaci\u00f3n del medio ambiente, especialmente en \u00e1reas protegidas. La Junta de Castilla y Le\u00f3n ha tomado esta decisi\u00f3n tras evaluar los posibles da\u00f1os que el rally podr\u00eda causar en el ecosistema local. Villablino, una localidad conocida por su belleza natural y su compromiso con la sostenibilidad, se ha visto obligada a cancelar el evento, a pesar de las expectativas generadas entre los participantes y el p\u00fablico.<\/p>\n<p>El impacto de esta suspensi\u00f3n se siente no solo en Villablino, sino en toda la provincia de Le\u00f3n, donde el rally es un evento esperado que atrae a numerosos visitantes y genera actividad econ\u00f3mica local. La cancelaci\u00f3n tambi\u00e9n refleja una tendencia m\u00e1s amplia en Castilla y Le\u00f3n hacia la protecci\u00f3n de sus recursos naturales, priorizando la conservaci\u00f3n sobre los eventos deportivos en \u00e1reas sensibles.<\/p>\n<p>A nivel auton\u00f3mico, esta decisi\u00f3n se alinea con otras medidas similares adoptadas en diferentes comunidades de Espa\u00f1a, donde se busca equilibrar el desarrollo econ\u00f3mico con la protecci\u00f3n ambiental. Las autoridades locales han expresado su pesar por las molestias causadas, pero han subrayado la importancia de preservar el entorno natural para las generaciones futuras.<\/p>\n<p>En declaraciones oficiales, el Ayuntamiento de Villablino ha lamentado profundamente la suspensi\u00f3n del rally, agradeciendo la comprensi\u00f3n de los participantes y del p\u00fablico. Se espera que en el futuro se puedan encontrar alternativas que permitan la celebraci\u00f3n de eventos deportivos sin comprometer el medio ambiente.<\/p>\n<p>De cara al futuro, las autoridades locales y regionales est\u00e1n explorando opciones para reprogramar el evento en una fecha posterior o en una ubicaci\u00f3n alternativa que no presente riesgos ecol\u00f3gicos. Esta situaci\u00f3n tambi\u00e9n podr\u00eda impulsar un debate m\u00e1s amplio sobre c\u00f3mo organizar eventos deportivos en armon\u00eda con la naturaleza, un tema que est\u00e1 ganando relevancia en toda Espa\u00f1a.<\/p>\n","protected":false},"excerpt":{"rendered":"<p>La Junta revoca la autorizaci\u00f3n del evento por riesgos ecol\u00f3gicos en el parque natural<\/p>\n","protected":false},"author":1,"featured_media":0,"comment_status":"open","ping_status":"closed","sticky":false,"template":"","format":"standard","meta":{"_monsterinsights_skip_tracking":false,"_monsterinsights_sitenote_active":false,"_monsterinsights_sitenote_note":"","_monsterinsights_sitenote_category":0,"site-container-style":"default","site-container-layout":"default","site-sidebar-layout":"default","disable-article-header":"default","disable-site-header":"default","disable-site-footer":"default","disable-content-area-spacing":"default","_jetpack_memberships_contains_paid_content":false,"footnotes":"","jetpack_publicize_message":"","jetpack_publicize_feature_enabled":true,"jetpack_social_post_already_shared":true,"jetpack_social_options":{"image_generator_settings":{"template":"highway","default_image_id":0,"font":"","enabled":false},"version":2}},"categories":[1],"tags":[],"class_list":["post-9089","post","type-post","status-publish","format-standard","hentry","category-uncategorized"],"jetpack_publicize_connections":[],"jetpack_featured_media_url":"","jetpack_sharing_enabled":true,"_links":{"self":[{"href":"https:\/\/987aldia.com\/web\/wp-json\/wp\/v2\/posts\/9089","targetHints":{"allow":["GET"]}}],"collection":[{"href":"https:\/\/987aldia.com\/web\/wp-json\/wp\/v2\/posts"}],"about":[{"href":"https:\/\/987aldia.com\/web\/wp-json\/wp\/v2\/types\/post"}],"author":[{"embeddable":true,"href":"https:\/\/987aldia.com\/web\/wp-json\/wp\/v2\/users\/1"}],"replies":[{"embeddable":true,"href":"https:\/\/987aldia.com\/web\/wp-json\/wp\/v2\/comments?post=9089"}],"version-history":[{"count":0,"href":"https:\/\/987aldia.com\/web\/wp-json\/wp\/v2\/posts\/9089\/revisions"}],"wp:attachment":[{"href":"https:\/\/987aldia.com\/web\/wp-json\/wp\/v2\/media?parent=9089"}],"wp:term":[{"taxonomy":"category","embeddable":true,"href":"https:\/\/987aldia.com\/web\/wp-json\/wp\/v2\/categories?post=9089"},{"taxonomy":"post_tag","embeddable":true,"href":"https:\/\/987aldia.com\/web\/wp-json\/wp\/v2\/tags?post=9089"}],"curies":[{"name":"wp","href":"https:\/\/api.w.org\/{rel}","templated":true}]}}